{"id":994,"date":"2019-01-29T08:29:22","date_gmt":"2019-01-29T05:29:22","guid":{"rendered":"https:\/\/ktgb.test\/?p=994"},"modified":"2019-07-09T08:31:58","modified_gmt":"2019-07-09T05:31:58","slug":"basin-aciklamasi","status":"publish","type":"post","link":"https:\/\/gazetecilerbirligi.com\/?p=994","title":{"rendered":"Bas\u0131n A\u00e7\u0131klamas\u0131"},"content":{"rendered":"<p>T\u00fcrkiye D\u0131\u015fi\u015fleri Bakan\u0131 Say\u0131n Mevl\u00fct \u00c7avu\u015fo\u011flu\u2019nun kat\u0131ld\u0131\u011f\u0131 ve TC Lefko\u015fa B\u00fcy\u00fckel\u00e7ili\u011fi\u2019nden yap\u0131lan canl\u0131 yay\u0131nla ilgili geli\u015fmeler, genelde K\u0131br\u0131s T\u00fcrk demokratik ya\u015fam\u0131, \u00f6zelde ise bas\u0131n \u00f6zg\u00fcrl\u00fc\u011f\u00fc bak\u0131m\u0131ndan kayg\u0131 vericidir.<\/p>\n<p>Kamu yay\u0131nc\u0131s\u0131 BRTK\u2019n\u0131n ve ba\u011fl\u0131 bulundu\u011fu kurumlar\u0131n, tamam\u0131yla T\u00fcrkiye\u2019nin Lefko\u015fa B\u00fcy\u00fckel\u00e7ili\u011fi taraf\u0131ndan kurgulanan ve sahnelenen bu yay\u0131n kar\u015f\u0131s\u0131ndaki naif tutumu olduk\u00e7a d\u00fc\u015f\u00fcnd\u00fcr\u00fcc\u00fcd\u00fcr ve kabul edilmezdir.<\/p>\n<p>Biri hari\u00e7 b\u00fct\u00fcn \u00f6zel televizyon kanallar\u0131n\u0131n, kendilerine herhangi bir s\u00f6z hakk\u0131 ve kat\u0131l\u0131m imkan\u0131 verilmemesine ra\u011fmen, Say\u0131n \u00c7avu\u015fo\u011flu\u2019nun ve yine tamam\u0131yla TC Lefko\u015fa B\u00fcy\u00fckel\u00e7ili\u011fi taraf\u0131ndan belirlenmi\u015f isimlerin haz\u0131r bulundu\u011fu program\u0131 ayn\u0131 anda yay\u0131nlamas\u0131, T\u00fcrkiye\u2019deki \u2018tek sesli\u2019 yay\u0131nc\u0131l\u0131k anlay\u0131\u015f\u0131n\u0131n \u00fclkemize de getirilmek istendi\u011finin i\u015faretidir.<\/p>\n<p>180 \u00fclkenin yer ald\u0131\u011f\u0131 D\u00fcnya Bas\u0131n \u00d6zg\u00fcrl\u00fc\u011f\u00fc endeksinde 157\u2019nci s\u0131raya gerileyen T\u00fcrkiye\u2019yi y\u00f6netenler, ayn\u0131 endeksin 77\u2019nci s\u0131ras\u0131nda, yani \u00e7ok daha \u00fcst s\u0131ralarda yer alan K\u0131br\u0131s T\u00fcrk medyas\u0131na ayar vermek, herkesi ayn\u0131 hizaya getirmeye \u00e7al\u0131\u015fmak yerine, kendi \u00fclkelerindeki bu karanl\u0131k tabloyu d\u00fczeltmeye \u00e7al\u0131\u015fmal\u0131d\u0131rlar.<\/p>\n<p>\u2018El\u00e7ilik eliyle tek sesli canl\u0131 yay\u0131n\u2019 t\u00fcr\u00fc organize i\u015fler, bas\u0131n \u00f6zg\u00fcrl\u00fc\u011f\u00fcne bir kara g\u00f6lge daha d\u00fc\u015f\u00fcrmekten ba\u015fka i\u015fe yaramayaca\u011f\u0131 gibi, K\u0131br\u0131s T\u00fcrk bas\u0131n\u0131n\u0131n ve toplumumun kabul edebilece\u011fi bir durum olamaz.<\/p>\n<p>K\u0131br\u0131s T\u00fcrk Gazeteciler Birli\u011fi\u2019nin (KTGB), ge\u00e7mi\u015fte askeri makamlar\u0131n bas\u0131n kurulu\u015flar\u0131 ve gazeteciler aras\u0131nda ay\u0131r\u0131m yapt\u0131\u011f\u0131 \u2018and\u0131\u00e7\u2019 olay\u0131nda oldu\u011fu gibi bas\u0131n kurulu\u015flar\u0131n\u0131, y\u00f6neticilerini ve gazetecileri yok sayan, tek seslili\u011fi hakim k\u0131lmaya d\u00f6n\u00fck bu t\u00fcr organize i\u015flere kar\u015f\u0131 duru\u015fu nettir.<\/p>\n<p>Bir kez daha hat\u0131rlatmak istiyoruz:<\/p>\n<p>\u2018Emir eri de\u011fil, gazeteciyiz!\u2019<\/p>\n<p>&nbsp;<\/p>\n<p>Gazetecileri ve yay\u0131n kurulu\u015flar\u0131n\u0131 \u2018emre amade\u2019 g\u00f6renlere ve bu tablonun olu\u015fmas\u0131na sessiz kalanlara \u00f6nemle duyurulur.<\/p>\n<p><strong>KTGB Y\u00f6netim Kurulu<\/strong><\/p>\n","protected":false},"excerpt":{"rendered":"<p>T\u00fcrkiye D\u0131\u015fi\u015fleri Bakan\u0131 Say\u0131n Mevl\u00fct \u00c7avu\u015fo\u011flu\u2019nun kat\u0131ld\u0131\u011f\u0131 ve TC Lefko\u015fa B\u00fcy\u00fckel\u00e7ili\u011fi\u2019nden yap\u0131lan canl\u0131 yay\u0131nla ilgili geli\u015fmeler, genelde K\u0131br\u0131s T\u00fcrk demokratik ya\u015fam\u0131, \u00f6zelde ise bas\u0131n \u00f6zg\u00fcrl\u00fc\u011f\u00fc bak\u0131m\u0131ndan kayg\u0131 vericidir.<\/p>\n","protected":false},"author":2,"featured_media":996,"comment_status":"closed","ping_status":"open","sticky":false,"template":"","format":"standard","meta":{"footnotes":""},"categories":[15],"tags":[],"_links":{"self":[{"href":"https:\/\/gazetecilerbirligi.com\/index.php?rest_route=\/wp\/v2\/posts\/994"}],"collection":[{"href":"https:\/\/gazetecilerbirligi.com\/index.php?rest_route=\/wp\/v2\/posts"}],"about":[{"href":"https:\/\/gazetecilerbirligi.com\/index.php?rest_route=\/wp\/v2\/types\/post"}],"author":[{"embeddable":true,"href":"https:\/\/gazetecilerbirligi.com\/index.php?rest_route=\/wp\/v2\/users\/2"}],"replies":[{"embeddable":true,"href":"https:\/\/gazetecilerbirligi.com\/index.php?rest_route=%2Fwp%2Fv2%2Fcomments&post=994"}],"version-history":[{"count":0,"href":"https:\/\/gazetecilerbirligi.com\/index.php?rest_route=\/wp\/v2\/posts\/994\/revisions"}],"wp:featuredmedia":[{"embeddable":true,"href":"https:\/\/gazetecilerbirligi.com\/index.php?rest_route=\/wp\/v2\/media\/996"}],"wp:attachment":[{"href":"https:\/\/gazetecilerbirligi.com\/index.php?rest_route=%2Fwp%2Fv2%2Fmedia&parent=994"}],"wp:term":[{"taxonomy":"category","embeddable":true,"href":"https:\/\/gazetecilerbirligi.com\/index.php?rest_route=%2Fwp%2Fv2%2Fcategories&post=994"},{"taxonomy":"post_tag","embeddable":true,"href":"https:\/\/gazetecilerbirligi.com\/index.php?rest_route=%2Fwp%2Fv2%2Ftags&post=994"}],"curies":[{"name":"wp","href":"https:\/\/api.w.org\/{rel}","templated":true}]}}