{"id":973,"date":"2019-05-07T17:01:40","date_gmt":"2019-05-07T14:01:40","guid":{"rendered":"https:\/\/ktgb.test\/?p=973"},"modified":"2019-07-08T17:02:56","modified_gmt":"2019-07-08T14:02:56","slug":"ktgb-basin-ozgurlugu-paneli-hedef-daha-ozgur-basin","status":"publish","type":"post","link":"https:\/\/gazetecilerbirligi.com\/?p=973","title":{"rendered":"KTGB Bas\u0131n \u00d6zg\u00fcrl\u00fc\u011f\u00fc Paneli: Hedef Daha \u00d6zg\u00fcr Bas\u0131n"},"content":{"rendered":"<p>K\u0131br\u0131s T\u00fcrk Gazeteciler Birli\u011fi\u2019nin 3 May\u0131s D\u00fcnya Bas\u0131n \u00d6zg\u00fcrl\u00fc\u011f\u00fc etkinlikleri \u00e7er\u00e7evesinde \u2018Kuzey K\u0131br\u0131s\u2019ta Bas\u0131n \u00d6zg\u00fcrl\u00fc\u011f\u00fc\u2019 konulu panel d\u00fczenlendi.<\/p>\n<p>KTGB Lokalinde d\u00fcn ak\u015fam (Pazartesi) d\u00fczenlenen panelde bas\u0131n \u00f6zg\u00fcrl\u00fc\u011f\u00fcn\u00fcn \u00f6nemine vurgu yap\u0131l\u0131rken \u00fclke bas\u0131n\u0131n durumu de\u011ferlendirildi, t\u00fcm taraflar\u0131n uzla\u015fmas\u0131yla bas\u0131n yasas\u0131n\u0131n g\u00fcncellenmesi gerekti\u011fine vurgu yap\u0131ld\u0131.<\/p>\n<p>Panelde ilk s\u00f6z\u00fc akademisyen, Yard\u0131mc\u0131 Do\u00e7ent Doktor \u0130brahim \u00d6zejder ald\u0131.<\/p>\n<p>\u00d6zejder \u00fclkede bas\u0131n \u00f6zg\u00fcrl\u00fc\u011f\u00fcn\u00fc geli\u015ftirmenin \u00f6nemine de\u011finerek Bilgi Edinme Yasas\u0131\u2019n\u0131n daha etkin kullan\u0131labilmesi gerekti\u011fini belirtti.<\/p>\n<p>Bas\u0131n \u00f6zg\u00fcrl\u00fc\u011f\u00fcn\u00fcn esas \u00f6l\u00e7\u00fcs\u00fcn\u00fcn yaz\u0131lmayanlar oldu\u011funu s\u00f6yleyen \u00d6zejder\u00a0 \u201cg\u00fc\u00e7l\u00fc bas\u0131n yasas\u0131na ihtiya\u00e7 var. Ceza yasalar\u0131, Zem ve Kadit yasalar\u0131 bas\u0131n i\u00e7in de uygulan\u0131yor. Oysa gazetecileri koruyacak d\u00fczenlemeler yap\u0131lmal\u0131, yeni bir yasa haz\u0131rlanmal\u0131 ancak bu d\u00fczenlemeler yap\u0131l\u0131rken yasaklar\u0131 da beraberinde getirmemeli\u201d dedi.<\/p>\n<p>Barolar Birli\u011fi Ba\u015fkan\u0131 Hasan Esenda\u011fl\u0131 ise Avrupa Birli\u011fi yasalar\u0131 i\u00e7erisinde ifade \u00f6zg\u00fcrl\u00fc\u011f\u00fcne b\u00fcy\u00fck \u00f6nem verildi\u011fini, bas\u0131n \u00f6zg\u00fcrl\u00fc\u011f\u00fcn\u00fcn de buna dahil oldu\u011funu kaydetti. Esenda\u011fl\u0131 \u201cbas\u0131n \u00f6zg\u00fcrl\u00fc\u011f\u00fc i\u00e7inde tart\u0131\u015f\u0131lan baz\u0131 konular ceza yasas\u0131na dahil olabiliyor. T\u00fcrkiye\u2019de bunu s\u0131kl\u0131kla g\u00f6r\u00fcyoruz. KKTC yasalar\u0131nda da devlete ihanet su\u00e7u, m\u00fcfsit yay\u0131n su\u00e7u var. Eskiden kalan bu yasalar ivedilikle g\u00fcncellenmelidir\u201d dedi.<\/p>\n<p>&nbsp;<\/p>\n<p>K\u0131br\u0131s Gazetesi Genel Yay\u0131n Y\u00f6netmeni gazeteci yazar Ali Baturay ise konu\u015fmas\u0131na hi\u00e7bir yay\u0131n kurulu\u015funda s\u0131n\u0131rs\u0131z \u00f6zg\u00fcrl\u00fc\u011f\u00fcn s\u00f6z konusu olmad\u0131\u011f\u0131n\u0131 s\u00f6yleyerek ba\u015flad\u0131. Baturay, s\u00f6zlerini Afrika gazetesine y\u00f6nelik lin\u00e7 giri\u015fimine at\u0131fta bulunarak s\u00fcrd\u00fcr\u00fcrken, ifade \u00f6z\u00fcrl\u00fc\u011f\u00fcn\u00fcn hi\u00e7 bir \u015fekilde s\u0131n\u0131rlanmamas\u0131 gerekti\u011fine vurgu yapt\u0131. \u201cNe olursa olsun ne lin\u00e7 hareketlerine ne de meslekta\u015flar\u0131m\u0131z\u0131n mahkum edilmesine izin vermeliyiz\u201d dedi. \u00dclkede bas\u0131n\u0131 s\u0131n\u0131rlamak i\u00e7in yasalar yap\u0131lmas\u0131ndan endi\u015fe duydu\u011funu s\u00f6yleyen Baturay Ter\u00f6rle M\u00fccadele Yasas\u0131 ad\u0131 alt\u0131nda bas\u0131na s\u0131n\u0131rlamalar gelebilece\u011fini ve t\u00fcm gazetecilerin bundan endi\u015fe duydu\u011funu kaydetti.<\/p>\n<p>\u0130\u00e7i\u015fleri Bakan\u0131 Ay\u015feg\u00fcl Baybars ise panelde yapt\u0131\u011f\u0131 konu\u015fmada bas\u0131n yasas\u0131n\u0131n yenilenmesi gerekti\u011fi konusunda hem fikir oldu\u011funu belirterek, haber, bilgi, d\u00fc\u015f\u00fcnce ve yorumlara ula\u015fma hakk\u0131n\u0131n korunmas\u0131 ad\u0131na yasada de\u011fi\u015fiklik yap\u0131lmas\u0131 gereklili\u011fini anlatt\u0131. Baybars \u201cteklifim t\u00fcm camian\u0131n \u00fczerinde uzla\u015fabilece\u011fi yasal bir mevzuat haz\u0131rlamak hem bas\u0131n \u00f6zg\u00fcrl\u00fc\u011f\u00fcn\u00fc hem de mesle\u011fi koruyarak, \u015fuanda var olan ve geri kalan yasalar\u0131 da g\u00fcncellemektir\u201d dedi.<\/p>\n<p>Baybars ayr\u0131ca bas\u0131n \u00f6zg\u00fcrl\u00fc\u011f\u00fcn\u00fcn s\u0131n\u0131rlanmas\u0131na y\u00f6nelik endi\u015felere yan\u0131t vererek \u201cT\u00fcrkiye\u2019den bize y\u00f6nelik ter\u00f6rle m\u00fccadele yasas\u0131 yap\u0131lmas\u0131na hususunda herhangi bir talep veya beklenti bulunmamaktad\u0131r. Bizim de h\u00fck\u00fcmet olarak g\u00fcndemimizde \u00f6yle bir yasa \u00e7al\u0131\u015fmas\u0131 yoktur\u201d dedi.<\/p>\n<p>\u0130\u00e7i\u015fleri Bakan\u0131 Ay\u015feg\u00fcl Baybars polisten ald\u0131\u011f\u0131 istatistiki bilgileri de a\u00e7\u0131klayarak, 2008 y\u0131l\u0131ndan bug\u00fcne ge\u00e7en 11 y\u0131lda Savc\u0131l\u0131k taraf\u0131ndan bas\u0131na toplam 12 ceza davas\u0131 a\u00e7\u0131ld\u0131\u011f\u0131n\u0131 ve bunlardan sekizinin halen devam etti\u011fini kaydetti.<\/p>\n<p>Panelin son b\u00f6l\u00fcm\u00fcnde ise izleyenlerin g\u00f6r\u00fc\u015f ve sorular\u0131na yer verildi.<\/p>\n","protected":false},"excerpt":{"rendered":"<p>K\u0131br\u0131s T\u00fcrk Gazeteciler Birli\u011fi\u2019nin 3 May\u0131s D\u00fcnya Bas\u0131n \u00d6zg\u00fcrl\u00fc\u011f\u00fc etkinlikleri \u00e7er\u00e7evesinde \u2018Kuzey K\u0131br\u0131s\u2019ta Bas\u0131n \u00d6zg\u00fcrl\u00fc\u011f\u00fc\u2019 konulu panel d\u00fczenlendi.\u00a0\u00a0<\/p>\n","protected":false},"author":2,"featured_media":974,"comment_status":"closed","ping_status":"open","sticky":false,"template":"","format":"standard","meta":{"footnotes":""},"categories":[15],"tags":[],"_links":{"self":[{"href":"https:\/\/gazetecilerbirligi.com\/index.php?rest_route=\/wp\/v2\/posts\/973"}],"collection":[{"href":"https:\/\/gazetecilerbirligi.com\/index.php?rest_route=\/wp\/v2\/posts"}],"about":[{"href":"https:\/\/gazetecilerbirligi.com\/index.php?rest_route=\/wp\/v2\/types\/post"}],"author":[{"embeddable":true,"href":"https:\/\/gazetecilerbirligi.com\/index.php?rest_route=\/wp\/v2\/users\/2"}],"replies":[{"embeddable":true,"href":"https:\/\/gazetecilerbirligi.com\/index.php?rest_route=%2Fwp%2Fv2%2Fcomments&post=973"}],"version-history":[{"count":0,"href":"https:\/\/gazetecilerbirligi.com\/index.php?rest_route=\/wp\/v2\/posts\/973\/revisions"}],"wp:featuredmedia":[{"embeddable":true,"href":"https:\/\/gazetecilerbirligi.com\/index.php?rest_route=\/wp\/v2\/media\/974"}],"wp:attachment":[{"href":"https:\/\/gazetecilerbirligi.com\/index.php?rest_route=%2Fwp%2Fv2%2Fmedia&parent=973"}],"wp:term":[{"taxonomy":"category","embeddable":true,"href":"https:\/\/gazetecilerbirligi.com\/index.php?rest_route=%2Fwp%2Fv2%2Fcategories&post=973"},{"taxonomy":"post_tag","embeddable":true,"href":"https:\/\/gazetecilerbirligi.com\/index.php?rest_route=%2Fwp%2Fv2%2Ftags&post=973"}],"curies":[{"name":"wp","href":"https:\/\/api.w.org\/{rel}","templated":true}]}}