{"id":968,"date":"2019-05-07T16:56:41","date_gmt":"2019-05-07T13:56:41","guid":{"rendered":"https:\/\/ktgb.test\/?p=968"},"modified":"2019-07-09T13:35:00","modified_gmt":"2019-07-09T10:35:00","slug":"ktgbnin-mumkun-possible-projesi-hayat-buluyor","status":"publish","type":"post","link":"https:\/\/gazetecilerbirligi.com\/?p=968","title":{"rendered":"KTGB\u2019nin M\u00fcmk\u00fcn\/Possible projesi hayat buluyor"},"content":{"rendered":"<p>&#8220;3 May\u0131s D\u00fcnya Bas\u0131n \u00d6zg\u00fcrl\u00fc\u011f\u00fc G\u00fcn\u00fc&#8221; etkinlikleri, K\u0131br\u0131s T\u00fcrk Gazeteciler Birli\u011fi\u2019nin 3 y\u0131ll\u0131k Projesi &#8220;M\u00fcmk\u00fcn\/Possible\u2019\u0131n\u201d a\u00e7\u0131l\u0131\u015f\u0131 ile sona eriyor.<\/p>\n<p>8 May\u0131s \u00c7ar\u015famba ak\u015fam\u0131, Avrupa Birli\u011fi taraf\u0131ndan K\u0131br\u0131sl\u0131 Sivil Toplum \u0130\u015fba\u015f\u0131nda VI Hibe Program\u0131 kapsam\u0131nda finanse edilen, &#8220;M\u00fcmk\u00fcn: Daha G\u00fc\u00e7l\u00fc, Daha \u00d6zg\u00fcr, Daha Etik Gazetecilik&#8221; projesinin a\u00e7\u0131l\u0131\u015f\u0131 ger\u00e7ekle\u015ftiriliyor.<\/p>\n<p>KTGB Kompleksi\u2019nde saat:19:00\u2019da ba\u015flayacak etkinli\u011fe, Cumhurba\u015fkan\u0131 Mustafa Ak\u0131nc\u0131, Ba\u015fbakan Tufan Erh\u00fcrman, Meclis Ba\u015fkan\u0131 Teberr\u00fcken Ulu\u00e7ay, Avrupa Komisyonu temsilcileri ve yabanc\u0131 misyon \u015fefleri kat\u0131lacak.<\/p>\n<p>Possible\/M\u00fcmk\u00fcn; Medya \u00f6zg\u00fcrl\u00fc\u011f\u00fc, temel insan haklar\u0131, medyada profesyonel standartlar ve etik prensiplerin uygulanmas\u0131 i\u00e7in ortak hareket etmeyi te\u015fvik etmenin yan\u0131 s\u0131ra gen\u00e7lerin temel insan hak ve \u00f6zg\u00fcrl\u00fckleri, demokratik de\u011ferler ve medya okuryazarl\u0131\u011f\u0131 konusunda fark\u0131ndal\u0131klar\u0131n\u0131 art\u0131rmay\u0131 ama\u00e7l\u0131yor.<\/p>\n","protected":false},"excerpt":{"rendered":"<p>&#8220;3 May\u0131s D\u00fcnya Bas\u0131n \u00d6zg\u00fcrl\u00fc\u011f\u00fc G\u00fcn\u00fc&#8221; etkinlikleri, K\u0131br\u0131s T\u00fcrk Gazeteciler Birli\u011fi\u2019nin 3 y\u0131ll\u0131k Projesi &#8220;M\u00fcmk\u00fcn\/Possible\u2019\u0131n\u201d a\u00e7\u0131l\u0131\u015f\u0131 ile sona eriyor.<\/p>\n","protected":false},"author":2,"featured_media":969,"comment_status":"closed","ping_status":"open","sticky":false,"template":"","format":"standard","meta":{"footnotes":""},"categories":[28],"tags":[],"_links":{"self":[{"href":"https:\/\/gazetecilerbirligi.com\/index.php?rest_route=\/wp\/v2\/posts\/968"}],"collection":[{"href":"https:\/\/gazetecilerbirligi.com\/index.php?rest_route=\/wp\/v2\/posts"}],"about":[{"href":"https:\/\/gazetecilerbirligi.com\/index.php?rest_route=\/wp\/v2\/types\/post"}],"author":[{"embeddable":true,"href":"https:\/\/gazetecilerbirligi.com\/index.php?rest_route=\/wp\/v2\/users\/2"}],"replies":[{"embeddable":true,"href":"https:\/\/gazetecilerbirligi.com\/index.php?rest_route=%2Fwp%2Fv2%2Fcomments&post=968"}],"version-history":[{"count":0,"href":"https:\/\/gazetecilerbirligi.com\/index.php?rest_route=\/wp\/v2\/posts\/968\/revisions"}],"wp:featuredmedia":[{"embeddable":true,"href":"https:\/\/gazetecilerbirligi.com\/index.php?rest_route=\/wp\/v2\/media\/969"}],"wp:attachment":[{"href":"https:\/\/gazetecilerbirligi.com\/index.php?rest_route=%2Fwp%2Fv2%2Fmedia&parent=968"}],"wp:term":[{"taxonomy":"category","embeddable":true,"href":"https:\/\/gazetecilerbirligi.com\/index.php?rest_route=%2Fwp%2Fv2%2Fcategories&post=968"},{"taxonomy":"post_tag","embeddable":true,"href":"https:\/\/gazetecilerbirligi.com\/index.php?rest_route=%2Fwp%2Fv2%2Ftags&post=968"}],"curies":[{"name":"wp","href":"https:\/\/api.w.org\/{rel}","templated":true}]}}