{"id":965,"date":"2019-05-08T16:39:08","date_gmt":"2019-05-08T13:39:08","guid":{"rendered":"https:\/\/ktgb.test\/?p=965"},"modified":"2019-07-08T16:56:01","modified_gmt":"2019-07-08T13:56:01","slug":"sevgul-uludag-ktgbde","status":"publish","type":"post","link":"https:\/\/gazetecilerbirligi.com\/?p=965","title":{"rendered":"Sevg\u00fcl Uluda\u011f KTGB\u2019de"},"content":{"rendered":"<p>Ara\u015ft\u0131rmac\u0131-gazeteci Sevg\u00fcl Uluda\u011f, kay\u0131p \u015fah\u0131slarla ilgili olarak, ac\u0131n\u0131n torunlara b\u0131rak\u0131lmamas\u0131, yak\u0131nlar\u0131 ya\u015farken kay\u0131plar\u0131n bulunmas\u0131 gerekti\u011fini s\u00f6yledi.<\/p>\n<p>K\u0131br\u0131s T\u00fcrk Gazeteciler Birli\u011fi\u2019nin, &#8220;3 May\u0131s D\u00fcnya Bas\u0131n \u00d6zg\u00fcrl\u00fc\u011f\u00fc G\u00fcn\u00fc&#8221; \u00e7er\u00e7evesindeki etkinlikleri, d\u00fcn ak\u015fam,\u00a0 2019 Nobel Bar\u0131\u015f \u00d6d\u00fcl\u00fc&#8217;ne aday g\u00f6sterilen Sevg\u00fcl Uluda\u011f&#8217;\u0131n s\u00f6yle\u015fisi ile devam etti.<\/p>\n<p>Daha \u00f6nceleri bir\u00e7ok \u00f6d\u00fcle lay\u0131k g\u00f6r\u00fclen, RSF Bas\u0131n \u00d6zg\u00fcrl\u00fc\u011f\u00fc \u00d6d\u00fcl\u00fc de alan Yenid\u00fczen yazar\u0131 Uluda\u011f, s\u00f6yle\u015fisinde, kay\u0131p ki\u015filerin hikayelerini dile getirirken; ara\u015ft\u0131rmalar\u0131 s\u0131ras\u0131nda ya\u015fad\u0131klar\u0131n\u0131 da anlatt\u0131.<\/p>\n<p>Kay\u0131p \u015eah\u0131slar Komitesi\u2019nin sadece kaz\u0131lar sonucu bulunan kemikleri ailelerine iade etti\u011fini belirten Sevg\u00fcl Uluda\u011f, \u201cancak yak\u0131nlar\u0131n\u0131n ba\u015f\u0131na ne geldi\u011fini bizden \u00f6\u011frenirler, hikayelerini bizden dinlerler\u201d dedi.<\/p>\n<p>Tamamen g\u00f6n\u00fcll\u00fc insani bir misyon olarak bu i\u015fleri yapt\u0131\u011f\u0131n\u0131 belirten Uluda\u011f, bu s\u00fcre\u00e7te, \u00e7ok a\u011f\u0131r tehditler ald\u0131\u011f\u0131n\u0131 s\u00f6yledi. Sevg\u00fcl Uluda\u011f, \u201ctravmalarla, katliamlarla u\u011fra\u015f\u0131yoruz. Gece a\u011fl\u0131yordum ama sabah Anka Ku\u015fu gibi u\u00e7mam, tekrardan ba\u015flamam gerekiyordu\u201d \u015feklinde konu\u015ftu; ailesinin kendine destek oldu\u011funu belirtti.<\/p>\n<p>\u0130ncisini Kaybeden \u0130stiridyeler ilk kez 2002\u2019de Yenid\u00fczen\u2019de yay\u0131mland\u0131\u011f\u0131nda tabular\u0131 y\u0131kmas\u0131 gerekti\u011fini ve tam da bu nedenle \u00e7ok sald\u0131r\u0131 ald\u0131\u011f\u0131n\u0131 ama y\u0131lmad\u0131\u011f\u0131n\u0131 s\u00f6yleyen Uluda\u011f, \u201c\u00e7\u00fcnk\u00fc okurlar\u0131m vard\u0131, kay\u0131p yak\u0131nlar\u0131 vard\u0131\u201d dedi.<\/p>\n<p>Kendi kayb\u0131n\u0131 aramayan tek toplumun belki de sadece K\u0131br\u0131sl\u0131 T\u00fcrkler oldu\u011funu belirten Sevg\u00fcl Uluda\u011f,\u201d \u00e7\u00fcnk\u00fc d\u00f6nemin liderli\u011fi onlara \u2018biz onlar\u0131 hadise kurban\u0131, \u015fehit olarak kabul ediyoruz\u2019 demi\u015fti\u201d \u015feklinde konu\u015ftu.<\/p>\n","protected":false},"excerpt":{"rendered":"<p>Ara\u015ft\u0131rmac\u0131-gazeteci Sevg\u00fcl Uluda\u011f, kay\u0131p \u015fah\u0131slarla ilgili olarak, ac\u0131n\u0131n torunlara b\u0131rak\u0131lmamas\u0131, yak\u0131nlar\u0131 ya\u015farken kay\u0131plar\u0131n bulunmas\u0131 gerekti\u011fini s\u00f6yledi.<\/p>\n","protected":false},"author":2,"featured_media":966,"comment_status":"closed","ping_status":"open","sticky":false,"template":"","format":"standard","meta":{"footnotes":""},"categories":[15],"tags":[],"_links":{"self":[{"href":"https:\/\/gazetecilerbirligi.com\/index.php?rest_route=\/wp\/v2\/posts\/965"}],"collection":[{"href":"https:\/\/gazetecilerbirligi.com\/index.php?rest_route=\/wp\/v2\/posts"}],"about":[{"href":"https:\/\/gazetecilerbirligi.com\/index.php?rest_route=\/wp\/v2\/types\/post"}],"author":[{"embeddable":true,"href":"https:\/\/gazetecilerbirligi.com\/index.php?rest_route=\/wp\/v2\/users\/2"}],"replies":[{"embeddable":true,"href":"https:\/\/gazetecilerbirligi.com\/index.php?rest_route=%2Fwp%2Fv2%2Fcomments&post=965"}],"version-history":[{"count":0,"href":"https:\/\/gazetecilerbirligi.com\/index.php?rest_route=\/wp\/v2\/posts\/965\/revisions"}],"wp:featuredmedia":[{"embeddable":true,"href":"https:\/\/gazetecilerbirligi.com\/index.php?rest_route=\/wp\/v2\/media\/966"}],"wp:attachment":[{"href":"https:\/\/gazetecilerbirligi.com\/index.php?rest_route=%2Fwp%2Fv2%2Fmedia&parent=965"}],"wp:term":[{"taxonomy":"category","embeddable":true,"href":"https:\/\/gazetecilerbirligi.com\/index.php?rest_route=%2Fwp%2Fv2%2Fcategories&post=965"},{"taxonomy":"post_tag","embeddable":true,"href":"https:\/\/gazetecilerbirligi.com\/index.php?rest_route=%2Fwp%2Fv2%2Ftags&post=965"}],"curies":[{"name":"wp","href":"https:\/\/api.w.org\/{rel}","templated":true}]}}