{"id":962,"date":"2019-05-15T16:36:06","date_gmt":"2019-05-15T13:36:06","guid":{"rendered":"https:\/\/ktgb.test\/?p=962"},"modified":"2019-07-09T13:26:48","modified_gmt":"2019-07-09T10:26:48","slug":"erguclunun-kitabi-ktgb-etkinliginde-tanitiliyor","status":"publish","type":"post","link":"https:\/\/gazetecilerbirligi.com\/?p=962","title":{"rendered":"Erg\u00fc\u00e7l\u00fc\u2019n\u00fcn kitab\u0131 KTGB etkinli\u011finde tan\u0131t\u0131l\u0131yor"},"content":{"rendered":"<p>Deneyimli gazeteci S\u00fcleyman Erg\u00fc\u00e7l\u00fc\u2019n\u00fcn kaleme ald\u0131\u011f\u0131 \u2018Bir Dakika, Bir \u00d6m\u00fcr\u2019 kitab\u0131 K\u0131br\u0131s T\u00fcrk Gazeteciler Birli\u011fi (KTGB) etkinli\u011finde tan\u0131t\u0131lacak.<\/p>\n<p>Etkinlik 14 May\u0131s Sal\u0131 ak\u015fam\u0131 KTGB Kompleksi Yarim K\u0131\u015fl\u0131k D\u00fc\u011f\u00fcn Salonu\u2019nda yer alacak.<\/p>\n<p>KTGB Ba\u015fkanl\u0131\u011f\u0131 da yapm\u0131\u015f usta gazeteci S\u00fcleyman Eg\u00fc\u00e7l\u00fc yeni kitab\u0131nda 1974\u2019e kadar olan an\u0131lar\u0131n\u0131 kaleme al\u0131yor ve anlatt\u0131klar\u0131yla bir d\u00f6neme \u0131\u015f\u0131k tutuyor.<\/p>\n<p>T\u00fcm sat\u0131\u015f geliri Kemal Sara\u00e7o\u011flu L\u00f6semili \u00c7ocuklar ve Kanserle Sava\u015f Vakf\u0131\u2019na ba\u011f\u0131\u015flanacak kitap, YD\u00dc Bas\u0131mevinde, Yak\u0131n Do\u011fu \u00dcniversitesi sponsorlu\u011funda bas\u0131ld\u0131.<\/p>\n<p>Serkan Soyalan\u2019\u0131n edit\u00f6rl\u00fc\u011f\u00fcnde yay\u0131mlanan kitab\u0131n, sayfa d\u00fczeni ve kapak tasar\u0131m\u0131nda Cemal \u0130nce ve H\u00fcseyin Erdamar\u2019\u0131n imzas\u0131 var.<\/p>\n<p>KTGB\u2019deki tan\u0131t\u0131mda S\u00fcleyman Erg\u00fc\u00e7l\u00fc kitab\u0131 hakk\u0131nda bilgiler verecek, sorular\u0131 yan\u0131tlayacak ve kitab\u0131n\u0131 imzalayacak.<\/p>\n","protected":false},"excerpt":{"rendered":"<p>Deneyimli gazeteci S\u00fcleyman Erg\u00fc\u00e7l\u00fc\u2019n\u00fcn kaleme ald\u0131\u011f\u0131 \u2018Bir Dakika, Bir \u00d6m\u00fcr\u2019 kitab\u0131 K\u0131br\u0131s T\u00fcrk Gazeteciler Birli\u011fi (KTGB) etkinli\u011finde tan\u0131t\u0131lacak.<\/p>\n","protected":false},"author":2,"featured_media":963,"comment_status":"closed","ping_status":"open","sticky":false,"template":"","format":"standard","meta":{"footnotes":""},"categories":[28],"tags":[],"_links":{"self":[{"href":"https:\/\/gazetecilerbirligi.com\/index.php?rest_route=\/wp\/v2\/posts\/962"}],"collection":[{"href":"https:\/\/gazetecilerbirligi.com\/index.php?rest_route=\/wp\/v2\/posts"}],"about":[{"href":"https:\/\/gazetecilerbirligi.com\/index.php?rest_route=\/wp\/v2\/types\/post"}],"author":[{"embeddable":true,"href":"https:\/\/gazetecilerbirligi.com\/index.php?rest_route=\/wp\/v2\/users\/2"}],"replies":[{"embeddable":true,"href":"https:\/\/gazetecilerbirligi.com\/index.php?rest_route=%2Fwp%2Fv2%2Fcomments&post=962"}],"version-history":[{"count":0,"href":"https:\/\/gazetecilerbirligi.com\/index.php?rest_route=\/wp\/v2\/posts\/962\/revisions"}],"wp:featuredmedia":[{"embeddable":true,"href":"https:\/\/gazetecilerbirligi.com\/index.php?rest_route=\/wp\/v2\/media\/963"}],"wp:attachment":[{"href":"https:\/\/gazetecilerbirligi.com\/index.php?rest_route=%2Fwp%2Fv2%2Fmedia&parent=962"}],"wp:term":[{"taxonomy":"category","embeddable":true,"href":"https:\/\/gazetecilerbirligi.com\/index.php?rest_route=%2Fwp%2Fv2%2Fcategories&post=962"},{"taxonomy":"post_tag","embeddable":true,"href":"https:\/\/gazetecilerbirligi.com\/index.php?rest_route=%2Fwp%2Fv2%2Ftags&post=962"}],"curies":[{"name":"wp","href":"https:\/\/api.w.org\/{rel}","templated":true}]}}