{"id":959,"date":"2019-01-05T16:01:17","date_gmt":"2019-01-05T13:01:17","guid":{"rendered":"https:\/\/ktgb.test\/?p=959"},"modified":"2019-07-08T16:33:11","modified_gmt":"2019-07-08T13:33:11","slug":"bkp-kibris-turk-gazeteciler-birligini-ziyaret-etti","status":"publish","type":"post","link":"https:\/\/gazetecilerbirligi.com\/?p=959","title":{"rendered":"BKP, K\u0131br\u0131s T\u00fcrk Gazeteciler Birli\u011fi\u2019ni ziyaret etti"},"content":{"rendered":"<p>Birle\u015fik K\u0131br\u0131s Partisi Genel Sekreteri Salih Son\u00fcst\u00fcn ba\u015fkanl\u0131\u011f\u0131ndaki BKP heyeti K\u0131br\u0131s T\u00fcrk Gazeteciler Birli\u011fi\u2019ni ziyaret etti.<\/p>\n<p>Birle\u015fik K\u0131br\u0131s Partisi Genel Sekreteri Salih Son\u00fcst\u00fcn ziyarette yapt\u0131\u011f\u0131 konu\u015fmada, Guterres Belgesi temelinde Birle\u015fik Federal K\u0131br\u0131s\u2019a ula\u015fman\u0131n ana hedef oldu\u011funu vurgulad\u0131. Son\u00fcst\u00fcn, Birle\u015fik K\u0131br\u0131s Partisi olarak bu hedef do\u011frultusunda Federal K\u0131br\u0131s\u2019a inanan t\u00fcm siyasi parti, sendika ve sivil toplum \u00f6rg\u00fctlerinin birlikte m\u00fccadele etmesinin \u015fart oldu\u011funa inand\u0131klar\u0131n\u0131n alt\u0131n\u0131 \u00e7izdi.<\/p>\n<p>\u201cBirle\u015fik K\u0131br\u0131s Partisi olarak, payda\u015f g\u00f6rd\u00fc\u011f\u00fcm\u00fcz Birle\u015fik Federal K\u0131br\u0131s yanl\u0131s\u0131 t\u00fcm siyasi parti, sendika ve sivil toplum \u00f6rg\u00fctlerinin ayn\u0131 \u00e7at\u0131 alt\u0131nda bir araya gelerek g\u00f6r\u00fc\u015fme s\u00fcrecinin bir an \u00f6nce ba\u015flamas\u0131 ve olumlu sonuca ula\u015fmas\u0131 i\u00e7in liderlere destek olunmas\u0131n\u0131n \u015fart oldu\u011funu\u201d s\u00f6yledi.Son\u00fcst\u00fcn, K\u0131br\u0131s T\u00fcrk Toplumunun varl\u0131k, kimlik ve k\u00fclt\u00fcr\u00fcn\u00fcn h\u0131zla yok olu\u015fa s\u00fcr\u00fcklendi\u011fi bu s\u00fcre\u00e7te ama\u00e7lar\u0131n\u0131n, bar\u0131\u015f, \u00e7\u00f6z\u00fcm ve Birle\u015fik Federal K\u0131br\u0131s i\u00e7in kataliz\u00f6r rol oynayacak bir g\u00fcc\u00fcn olu\u015fturulmas\u0131 oldu\u011funu vurgulad\u0131.<\/p>\n<p>K\u0131br\u0131s T\u00fcrk Gazeteciler Birli\u011fi Ba\u015fkan\u0131 Sami \u00d6zuslu ise yapt\u0131\u011f\u0131 konu\u015fmada, K\u0131br\u0131s\u2019ta federal \u00e7\u00f6z\u00fcm \u00e7abalar\u0131n\u0131n s\u00fcrmesinin \u00f6nemli oldu\u011funa i\u015faret ederek, son d\u00f6nemde K\u0131br\u0131sl\u0131 T\u00fcrklerin m\u00fczakere masas\u0131ndan baypas edilerek d\u0131\u015fland\u0131\u011f\u0131n\u0131 ve bunun \u00e7ok \u00f6nemli bir kay\u0131p oldu\u011funu vurgulad\u0131. \u00d6zuslu, \u201c\u00c7\u00f6z\u00fcm ad\u0131na at\u0131lacak ad\u0131mlara bug\u00fcne kadar oldu\u011fu gibi bundan sonra da destek olmaya devam edece\u011fiz. \u00d6nemli olan ilkesel davran\u0131p, pratikte de birlikteli\u011fi devam ettirebilmektir\u201d dedi.<\/p>\n","protected":false},"excerpt":{"rendered":"<p>Birle\u015fik K\u0131br\u0131s Partisi Genel Sekreteri Salih Son\u00fcst\u00fcn ba\u015fkanl\u0131\u011f\u0131ndaki BKP heyeti K\u0131br\u0131s T\u00fcrk Gazeteciler Birli\u011fi\u2019ni ziyaret etti.<\/p>\n","protected":false},"author":2,"featured_media":960,"comment_status":"closed","ping_status":"open","sticky":false,"template":"","format":"standard","meta":{"footnotes":""},"categories":[15],"tags":[],"_links":{"self":[{"href":"https:\/\/gazetecilerbirligi.com\/index.php?rest_route=\/wp\/v2\/posts\/959"}],"collection":[{"href":"https:\/\/gazetecilerbirligi.com\/index.php?rest_route=\/wp\/v2\/posts"}],"about":[{"href":"https:\/\/gazetecilerbirligi.com\/index.php?rest_route=\/wp\/v2\/types\/post"}],"author":[{"embeddable":true,"href":"https:\/\/gazetecilerbirligi.com\/index.php?rest_route=\/wp\/v2\/users\/2"}],"replies":[{"embeddable":true,"href":"https:\/\/gazetecilerbirligi.com\/index.php?rest_route=%2Fwp%2Fv2%2Fcomments&post=959"}],"version-history":[{"count":0,"href":"https:\/\/gazetecilerbirligi.com\/index.php?rest_route=\/wp\/v2\/posts\/959\/revisions"}],"wp:featuredmedia":[{"embeddable":true,"href":"https:\/\/gazetecilerbirligi.com\/index.php?rest_route=\/wp\/v2\/media\/960"}],"wp:attachment":[{"href":"https:\/\/gazetecilerbirligi.com\/index.php?rest_route=%2Fwp%2Fv2%2Fmedia&parent=959"}],"wp:term":[{"taxonomy":"category","embeddable":true,"href":"https:\/\/gazetecilerbirligi.com\/index.php?rest_route=%2Fwp%2Fv2%2Fcategories&post=959"},{"taxonomy":"post_tag","embeddable":true,"href":"https:\/\/gazetecilerbirligi.com\/index.php?rest_route=%2Fwp%2Fv2%2Ftags&post=959"}],"curies":[{"name":"wp","href":"https:\/\/api.w.org\/{rel}","templated":true}]}}