{"id":956,"date":"2019-02-26T15:59:23","date_gmt":"2019-02-26T12:59:23","guid":{"rendered":"https:\/\/ktgb.test\/?p=956"},"modified":"2019-07-08T16:33:30","modified_gmt":"2019-07-08T13:33:30","slug":"milli-egitim-bakani-cemal-ozyigit-ktgb-heyetini-kabul-etti","status":"publish","type":"post","link":"https:\/\/gazetecilerbirligi.com\/?p=956","title":{"rendered":"Milli E\u011fitim Bakan\u0131 Cemal \u00d6zyi\u011fit KTGB heyetini kabul etti"},"content":{"rendered":"<p>Milli E\u011fitim ve K\u00fclt\u00fcr Bakanl\u0131\u011f\u0131 ile K. T. Gazeteciler Birli\u011fi\u2019nin \u00e7e\u015fitli konularda i\u015fbirli\u011fi s\u00fcrecinin konu\u015fuldu\u011fu g\u00f6r\u00fc\u015fmede, ayr\u0131ca 3 May\u0131s D\u00fcnya Bas\u0131n \u00d6zg\u00fcrl\u00fc\u011f\u00fc G\u00fcn\u00fcne y\u00f6nelik ger\u00e7ekle\u015ftirilmesi planlanan etkinlik ve medya okuryazarl\u0131\u011f\u0131 hakk\u0131nda kar\u015f\u0131l\u0131kl\u0131 g\u00f6r\u00fc\u015f al\u0131\u015fveri\u015finde bulunuldu.<\/p>\n<p>Milli E\u011fitim ve K\u00fclt\u00fcr Bakan\u0131 Cemal \u00d6zyi\u011fit, bas\u0131n\u0131n, demokrasilerin vazge\u00e7ilmez unsurlar\u0131n\u0131n ba\u015f\u0131nda geldi\u011fini belirterek, bas\u0131n \u00f6zg\u00fcrl\u00fc\u011f\u00fcn\u00fcn demokratik toplum i\u00e7in elzem bir gereklilik oldu\u011funa dikkat \u00e7ekti.<\/p>\n<p>K.T. Gazeteciler Birli\u011fi ile ba\u015fta bas\u0131n \u00f6zg\u00fcrl\u00fc\u011f\u00fc olmak \u00fczere \u00e7e\u015fitli alanlardaki i\u015fbirli\u011fi s\u00fcrecinin geni\u015fletilmesi kararl\u0131l\u0131\u011f\u0131nda olduklar\u0131n\u0131 belirten \u00d6zyi\u011fit, medya okuryazarl\u0131\u011f\u0131 dersinin 6, 7 ve 8. s\u0131n\u0131flar\u0131n en az birinde zorunlu se\u00e7meli olarak okutuldu\u011funu an\u0131msatt\u0131.<\/p>\n<p>3 May\u0131s Bas\u0131n \u00d6zg\u00fcrl\u00fc\u011f\u00fc G\u00fcn\u00fcne y\u00f6nelik de Gazeteciler Birli\u011fi ile baz\u0131 projeler \u00fczerinde \u00e7al\u0131\u015ft\u0131klar\u0131n\u0131 belirten \u00d6zyi\u011fit, konunun netle\u015fmesinin ard\u0131ndan gerekli a\u00e7\u0131klaman\u0131n Gazeteciler Birli\u011fi ile ortakla\u015fa duyurulaca\u011f\u0131n\u0131 kaydetti.<\/p>\n<p>Gazeteciler Birli\u011fi ad\u0131na konu\u015fan \u00d6rg\u00fctlenme Sekreteri Fatma Arpal\u0131kl\u0131 da ba\u015fta Bas\u0131n \u00d6zg\u00fcrl\u00fc\u011f\u00fc olmak \u00fczere \u00e7e\u015fitli alanlarda E\u011fitim Bakanl\u0131\u011f\u0131 ile i\u015fbirli\u011fi yapmak amac\u0131nda olduklar\u0131n\u0131 belirtti.<\/p>\n<p>Bu y\u00f6nde baz\u0131 d\u00fc\u015f\u00fcnceleri kar\u015f\u0131l\u0131kl\u0131 olarak payla\u015ft\u0131klar\u0131n\u0131 ifade eden Arpal\u0131kl\u0131, \u00f6zellikle okullardaki medya okuryazarl\u0131\u011f\u0131 dersine y\u00f6nelik katk\u0131 koymak amac\u0131nda olduklar\u0131n\u0131 ifade etti.<\/p>\n","protected":false},"excerpt":{"rendered":"<p>Milli E\u011fitim ve K\u00fclt\u00fcr Bakanl\u0131\u011f\u0131 ile K\u0131br\u0131s T\u00fcrk Gazeteciler Birli\u011fi aras\u0131nda \u00e7e\u015fitli konularda i\u015fbirli\u011fi s\u00fcreci konu\u015fuldu.<\/p>\n","protected":false},"author":2,"featured_media":957,"comment_status":"closed","ping_status":"closed","sticky":false,"template":"","format":"standard","meta":{"footnotes":""},"categories":[15],"tags":[],"_links":{"self":[{"href":"https:\/\/gazetecilerbirligi.com\/index.php?rest_route=\/wp\/v2\/posts\/956"}],"collection":[{"href":"https:\/\/gazetecilerbirligi.com\/index.php?rest_route=\/wp\/v2\/posts"}],"about":[{"href":"https:\/\/gazetecilerbirligi.com\/index.php?rest_route=\/wp\/v2\/types\/post"}],"author":[{"embeddable":true,"href":"https:\/\/gazetecilerbirligi.com\/index.php?rest_route=\/wp\/v2\/users\/2"}],"replies":[{"embeddable":true,"href":"https:\/\/gazetecilerbirligi.com\/index.php?rest_route=%2Fwp%2Fv2%2Fcomments&post=956"}],"version-history":[{"count":0,"href":"https:\/\/gazetecilerbirligi.com\/index.php?rest_route=\/wp\/v2\/posts\/956\/revisions"}],"wp:featuredmedia":[{"embeddable":true,"href":"https:\/\/gazetecilerbirligi.com\/index.php?rest_route=\/wp\/v2\/media\/957"}],"wp:attachment":[{"href":"https:\/\/gazetecilerbirligi.com\/index.php?rest_route=%2Fwp%2Fv2%2Fmedia&parent=956"}],"wp:term":[{"taxonomy":"category","embeddable":true,"href":"https:\/\/gazetecilerbirligi.com\/index.php?rest_route=%2Fwp%2Fv2%2Fcategories&post=956"},{"taxonomy":"post_tag","embeddable":true,"href":"https:\/\/gazetecilerbirligi.com\/index.php?rest_route=%2Fwp%2Fv2%2Ftags&post=956"}],"curies":[{"name":"wp","href":"https:\/\/api.w.org\/{rel}","templated":true}]}}