{"id":4006,"date":"2026-01-29T07:53:46","date_gmt":"2026-01-29T05:53:46","guid":{"rendered":"https:\/\/gazetecilerbirligi.com\/?p=4006"},"modified":"2026-01-29T07:53:46","modified_gmt":"2026-01-29T05:53:46","slug":"kibris-turk-gazeteciler-birliginden-aciklama-9","status":"publish","type":"post","link":"https:\/\/gazetecilerbirligi.com\/?p=4006","title":{"rendered":"KIBRIS T\u00dcRK GAZETEC\u0130LER B\u0130RL\u0130\u011e\u0130&#8217;NDEN A\u00c7IKLAMA"},"content":{"rendered":"<h4>Kamu Yay\u0131nc\u0131l\u0131\u011f\u0131nda Liyakat ve \u015eeffafl\u0131k \u0130\u00e7in Ortak Sorumluluk<\/h4>\n<h4>K\u0131br\u0131s T\u00fcrk Gazeteciler Birli\u011fi, y\u00f6netim kurullar\u0131nda temsil edildi\u011fi T\u00fcrk Ajans\u0131 K\u0131br\u0131s ve Bayrak Radyo Televizyon Kurumu\u2019nda ya\u015fanan son geli\u015fmelere ili\u015fkin bir de\u011ferlendirme yapma gere\u011fi duymu\u015ftur.<\/h4>\n<h4>T\u00fcrk Ajans\u0131 K\u0131br\u0131s\u2019ta iki meslekta\u015f\u0131m\u0131za Y\u00f6netim Kurulu karar\u0131yla terfi verilmesi ve s\u00f6z konusu iki gazetecinin yakla\u015f\u0131k sekiz ayl\u0131k bir s\u00fcrecin ard\u0131ndan \u201cemeklilik\u201d ba\u015fvurusunda bulunmas\u0131, kamuoyunda ve meslek \u00e7evrelerinde \u00e7e\u015fitli tart\u0131\u015fmalar\u0131 beraberinde getirmi\u015ftir.<\/h4>\n<h4>\u00d6ncelikle belirtmek isteriz ki; y\u00f6netim kurulu temsilcimizle yap\u0131lan de\u011ferlendirmelerde, al\u0131nan karar do\u011frultusunda kimsenin hakk\u0131n\u0131n yenmedi\u011fi, kurum b\u00fcnyesinde ge\u00e7mi\u015fte de benzeri uygulamalar\u0131n bulundu\u011fu ve terfi alan gazetecilerin bu g\u00f6revleri hak edecek bilgi, birikim ve mesleki deneyime sahip olduklar\u0131 tespit edilmi\u015ftir.<\/h4>\n<h4>Benzer terfi ve y\u00fckselme uygulamalar\u0131n\u0131n Bayrak Radyo Televizyon Kurumu\u2019nda da ayn\u0131 y\u00f6ntemlerle hayata ge\u00e7irildi\u011fi bilinmektedir.<\/h4>\n<h4>T\u00fcm bu s\u00fcre\u00e7ler bizleri samimi bir \u00f6z ele\u015ftiri ve y\u00fczle\u015fme yapma gere\u011fiyle de kar\u015f\u0131 kar\u015f\u0131ya b\u0131rakmaktad\u0131r.<\/h4>\n<h4>K\u0131br\u0131s T\u00fcrk Gazeteciler Birli\u011fi Y\u00f6netim Kurulu, gerek T\u00fcrk Ajans\u0131 K\u0131br\u0131s\u2019ta gerekse Bayrak Radyo Televizyon Kurumu\u2019nda kadro, terfi, y\u00fckselme ve istihdam gibi t\u00fcm s\u00fcre\u00e7lerin demokratik, \u015feffaf, \u00f6l\u00e7\u00fclebilir ve yar\u0131\u015fmac\u0131 bir s\u0131nav sistemi \u00fczerinden y\u00fcr\u00fct\u00fclmesi gerekti\u011fi y\u00f6n\u00fcndeki ilkesel tutumunu kamuoyuyla payla\u015fmay\u0131 bir sorumluluk olarak g\u00f6rmektedir.<\/h4>\n<h4>Ayr\u0131ca bu t\u00fcr uygulamalar\u0131n, \u201cemeklilik \u00f6ncesi bir avantaj ya da imtiyaz\u201d alg\u0131s\u0131na yol a\u00e7mamas\u0131 i\u00e7in yasal d\u00fczenlemelere ve daha geni\u015f \u00e7er\u00e7evede bir kamu reformuna ihtiya\u00e7 oldu\u011fu a\u00e7\u0131kt\u0131r.<\/h4>\n<h4>Gerek T\u00fcrk Ajans\u0131 K\u0131br\u0131s Yasas\u0131\u2019n\u0131n, gerekse Bayrak Radyo Televizyon Kurumu Yasas\u0131\u2019n\u0131n g\u00fcncellenmesi s\u00fcrecinde liyakat ve f\u0131rsat e\u015fitli\u011finin her y\u00f6n\u00fcyle tart\u0131\u015fmas\u0131z bi\u00e7imde g\u00fcvence alt\u0131na al\u0131nmas\u0131 temel bir gerekliliktir.<\/h4>\n<h4>\u015eunun da \u00f6zellikle alt\u0131n\u0131 \u00e7izmek isteriz.<br \/>\nHer iki kurumda g\u00f6rev yapan Birlik temsilcilerimiz, en yetkili ve en y\u00fcksek karar organ\u0131m\u0131z olan K\u0131br\u0131s T\u00fcrk Gazeteciler Birli\u011fi Genel Kurulu taraf\u0131ndan se\u00e7ilmektedir. Temsilcilerimiz Genel Kurul\u2019a kar\u015f\u0131 sorumlu olduklar\u0131 kadar, \u00fcyelerimizin de bu iki \u00f6nemli kamu kurumunda gazetecilik disiplini, meslek eti\u011fi ve kamusal yay\u0131nc\u0131l\u0131k de\u011ferlerinin y\u00fckseltilmesine katk\u0131 sunacak g\u00f6r\u00fc\u015f, \u00f6neri ve ele\u015ftirileri genel kurullarda g\u00fcndeme ta\u015f\u0131ma sorumlulu\u011fu bulunmaktad\u0131r.<\/h4>\n<h4>K\u0131br\u0131s T\u00fcrk Gazeteciler Birli\u011fi, ya\u015fanan bu geli\u015fmeleri bir su\u00e7lama ya da yarg\u0131lama zemini \u00fczerinden de\u011fil; ders \u00e7\u0131kar\u0131lmas\u0131, eksiklerin g\u00f6r\u00fclmesi ve gelece\u011fe y\u00f6nelik daha adil, daha \u015feffaf ve daha kurumsal bir yap\u0131 olu\u015fturulmas\u0131 a\u00e7\u0131s\u0131ndan de\u011ferlendirmektedir.<\/h4>\n<h4>Kamuoyuna sayg\u0131yla duyurulur.<\/h4>\n<h4>K\u0131br\u0131s T\u00fcrk Gazeteciler Birli\u011fi Y\u00f6netim Kurulu<\/h4>\n","protected":false},"excerpt":{"rendered":"<p>Kamu Yay\u0131nc\u0131l\u0131\u011f\u0131nda Liyakat ve \u015eeffafl\u0131k \u0130\u00e7in Ortak Sorumluluk K\u0131br\u0131s T\u00fcrk Gazeteciler Birli\u011fi, y\u00f6netim kurullar\u0131nda temsil edildi\u011fi T\u00fcrk Ajans\u0131 K\u0131br\u0131s ve Bayrak Radyo Televizyon Kurumu\u2019nda ya\u015fanan son<span class=\"excerpt-hellip\"> [\u2026]<\/span><\/p>\n","protected":false},"author":2,"featured_media":3560,"comment_status":"closed","ping_status":"closed","sticky":false,"template":"","format":"standard","meta":{"footnotes":""},"categories":[28,1,15],"tags":[],"_links":{"self":[{"href":"https:\/\/gazetecilerbirligi.com\/index.php?rest_route=\/wp\/v2\/posts\/4006"}],"collection":[{"href":"https:\/\/gazetecilerbirligi.com\/index.php?rest_route=\/wp\/v2\/posts"}],"about":[{"href":"https:\/\/gazetecilerbirligi.com\/index.php?rest_route=\/wp\/v2\/types\/post"}],"author":[{"embeddable":true,"href":"https:\/\/gazetecilerbirligi.com\/index.php?rest_route=\/wp\/v2\/users\/2"}],"replies":[{"embeddable":true,"href":"https:\/\/gazetecilerbirligi.com\/index.php?rest_route=%2Fwp%2Fv2%2Fcomments&post=4006"}],"version-history":[{"count":1,"href":"https:\/\/gazetecilerbirligi.com\/index.php?rest_route=\/wp\/v2\/posts\/4006\/revisions"}],"predecessor-version":[{"id":4007,"href":"https:\/\/gazetecilerbirligi.com\/index.php?rest_route=\/wp\/v2\/posts\/4006\/revisions\/4007"}],"wp:featuredmedia":[{"embeddable":true,"href":"https:\/\/gazetecilerbirligi.com\/index.php?rest_route=\/wp\/v2\/media\/3560"}],"wp:attachment":[{"href":"https:\/\/gazetecilerbirligi.com\/index.php?rest_route=%2Fwp%2Fv2%2Fmedia&parent=4006"}],"wp:term":[{"taxonomy":"category","embeddable":true,"href":"https:\/\/gazetecilerbirligi.com\/index.php?rest_route=%2Fwp%2Fv2%2Fcategories&post=4006"},{"taxonomy":"post_tag","embeddable":true,"href":"https:\/\/gazetecilerbirligi.com\/index.php?rest_route=%2Fwp%2Fv2%2Ftags&post=4006"}],"curies":[{"name":"wp","href":"https:\/\/api.w.org\/{rel}","templated":true}]}}