{"id":4003,"date":"2026-01-26T14:50:44","date_gmt":"2026-01-26T12:50:44","guid":{"rendered":"https:\/\/gazetecilerbirligi.com\/?p=4003"},"modified":"2026-01-26T14:50:44","modified_gmt":"2026-01-26T12:50:44","slug":"bu-yasal-degisikleri-tanimiyoruz-ve-derhal-geri-cekilmesini-istiyoruz","status":"publish","type":"post","link":"https:\/\/gazetecilerbirligi.com\/?p=4003","title":{"rendered":"Bu yasal de\u011fi\u015fikleri tan\u0131m\u0131yoruz ve derhal geri \u00e7ekilmesini istiyoruz."},"content":{"rendered":"<h4>Ulusal Birlik Partisi &#8211; Demokrat Parti &#8211; Yeniden Do\u011fu\u015f Partisi H\u00fck\u00fcmeti\u2019nin, Ceza ve Bili\u015fim yasalar\u0131nda yapmay\u0131 hedefledi\u011fi de\u011fi\u015fiklikler, Anayasa ile, Avrupa \u0130nsan Haklar\u0131 S\u00f6zle\u015fmesi ba\u015fta olmak \u00fczere, evrensel hukuk metinleriyle g\u00fcvence alt\u0131na al\u0131nm\u0131\u015f, fikir ve ifade \u00f6zg\u00fcrl\u00fc\u011f\u00fcn\u00fc, bas\u0131n \u00f6zg\u00fcrl\u00fc\u011f\u00fcn\u00fc ve halk\u0131n do\u011fru bilgiye eri\u015fim hakk\u0131n\u0131 do\u011frudan tehdit etmektedir. Bu d\u00fczenlemeler a\u00e7\u0131k\u00e7a ele\u015ftiriyi, haber yapmay\u0131 ve kamusal tart\u0131\u015fmay\u0131 cezaland\u0131rma riskini ta\u015f\u0131makta, demokratik toplumun temelini olu\u015fturan ifade alan\u0131n\u0131 da, ciddi bi\u00e7imde daraltmaktad\u0131r.<\/h4>\n<h4>Hukuk devletlerinde ceza hukuku, bireyi, toplumu ve kamu d\u00fczenini korumak i\u00e7in vard\u0131r. Ancak bu tasar\u0131lar, ceza hukukunu bir koruma arac\u0131 olmaktan \u00e7\u0131kart\u0131p, ele\u015ftirel d\u00fc\u015f\u00fcnceyi bast\u0131rman\u0131n, ve kamuoyunu sindirmenin sopas\u0131 yapma hedefini ta\u015f\u0131maktad\u0131r.<\/h4>\n<h4>Tasar\u0131 metinlerinde yer alan bir\u00e7ok kavram a\u00e7\u0131k, net ve \u00f6ng\u00f6r\u00fclebilir olmad\u0131\u011f\u0131 gibi, bir\u00e7ok yasa maddesi toplumsal \u00f6zg\u00fcrl\u00fckleri k\u0131s\u0131tlayacak \u015fekilde geni\u015fletilmi\u015f, polise ve BTHK\u2019ya, a\u00e7\u0131k\u00e7a bir yarg\u0131\u00e7 yetkisi vermi\u015ftir. Hukuk devleti ilkesine ayk\u0131r\u0131 bir belirsizlik yaratan bu yasa tasar\u0131lar\u0131yla hedeflenen, otoriter bir rejim yaratmak ve siyasal bask\u0131yla bireyler hakk\u0131nda keyfi soru\u015fturma ve cezaland\u0131rmalar\u0131n \u00f6n\u00fcn\u00fc a\u00e7makt\u0131r. Unutulmamal\u0131d\u0131r ki gazetecilerin ve bas\u0131n emek\u00e7ilerinin temel g\u00f6revi, kamu g\u00fcc\u00fcn\u00fc kullananlar\u0131 denetlemek, hesap sorulmas\u0131n\u0131 sa\u011flamak ve toplumu ilgilendiren ger\u00e7ekleri kamuoyuna aktarmakt\u0131r.<\/h4>\n<h4>Yolsuzluk, usuls\u00fczl\u00fck, kamu kaynaklar\u0131n\u0131n k\u00f6t\u00fcye kullan\u0131m\u0131 ya da y\u00f6netim hatalar\u0131na ili\u015fkin haberlerin, toplumda tepki yaratmas\u0131 ka\u00e7\u0131n\u0131lmazd\u0131r. Bu tepki, haberin de\u011fil, ortaya konan ger\u00e7e\u011fin sonucudur. Bir ihale haberinin ard\u0131ndan kamuoyunda \u00f6fke olu\u015fmas\u0131, o haberin su\u00e7 oldu\u011fu anlam\u0131na gelmez. Aksine, bu durum, gazetecili\u011fin i\u015flevini yerine getirdi\u011finin g\u00f6stergesidir. Ancak s\u00f6z konusu tasar\u0131, toplumsal tepkiyi su\u00e7un bir par\u00e7as\u0131 haline getirerek, gazetecili\u011fi cezaland\u0131r\u0131labilir bir faaliyet konumuna itmektedir.<\/h4>\n<h4>Ceza Yasas\u0131\u2019nda yap\u0131lmak istenen bu de\u011fi\u015fiklikler, demokratik toplum d\u00fczeniyle ba\u011fda\u015fmamaktad\u0131r. Fikir ve ifade \u00f6zg\u00fcrl\u00fc\u011f\u00fcn\u00fc daraltan, bas\u0131n\u0131 ve yurtta\u015flar\u0131 s\u00fcrekli ceza tehdidi alt\u0131nda tutan, korku iklimi yaratan hi\u00e7bir d\u00fczenleme kabul edilemezdir. Bas\u0131n, fikir ve ifade \u00f6zg\u00fcrl\u00fc\u011f\u00fc, demokrasinin s\u00fcs\u00fc de\u011fil, vazge\u00e7ilmez ko\u015fuludur.<\/h4>\n<h4>Ceza hukukunda su\u00e7, somut, a\u00e7\u0131k ve kan\u0131tlanabilir olgulara dayanmak zorunda olmas\u0131na ra\u011fmen, \u00e7o\u011funlukla duyguya ve yoruma dayal\u0131 g\u00f6r\u00fc\u015flerin cezaland\u0131r\u0131lmas\u0131n\u0131\u00a0 \u00f6ng\u00f6ren bu yasal de\u011fi\u015fikleri, kabul etmiyoruz. T\u0131pk\u0131 yak\u0131n co\u011frafyam\u0131zda oldu\u011fu gibi ,insanlar\u0131m\u0131z\u0131n \u201corganize dezenformasyon\u201d ile \u201chalk aras\u0131nda korku ve endi\u015fe yaratma\u201d gibi son derece mu\u011flak olan \u2018su\u00e7\u2019 tan\u0131mlar\u0131yla cezaland\u0131r\u0131lmalar\u0131n\u0131, reddediyoruz.<\/h4>\n<h4>Bu yasal de\u011fi\u015fikleri tan\u0131m\u0131yoruz ve derhal geri \u00e7ekilmesini istiyoruz.\u00a0 Bu yasa tasar\u0131lar\u0131 geri \u00e7ekilene kadar m\u00fccadelemiz ve eylemlerimiz artarak devam edecektir. Bu yasa tasar\u0131lar\u0131na kar\u015f\u0131 t\u00fcm siyasilerin tutumunu da yak\u0131ndan takip etmekteyiz. H\u00fck\u00fcmete ba\u011fl\u0131 olan siyasiler bilsinler ki, ortaya koyacaklar\u0131 duru\u015fa g\u00f6re, bizler de pozisyonumuzu belirlemekten, asla geri durmayaca\u011f\u0131z.<\/h4>\n<h4>\u0130mzac\u0131 \u00f6rg\u00fctler:<\/h4>\n<h4>Bas\u0131n-Sen ve K\u0131br\u0131s T\u00fcrk Gazeteciler Birli\u011fi\u2019nin yan\u0131 s\u0131ra,<\/h4>\n<h4>Ba\u011f\u0131ms\u0131zl\u0131k Yolu<\/h4>\n<h4>Baraka K\u00fclt\u00fcr Merkezi<\/h4>\n<h4>Bar\u0131\u015f ve Federal \u00c7\u00f6z\u00fcm Hareketi<\/h4>\n<h4>Belediye Emek\u00e7ileri Sendikas\u0131<\/h4>\n<h4>Birle\u015fik K\u0131br\u0131s Partisi<\/h4>\n<h4>Cumhuriyet\u00e7i T\u00fcrk Partisi<\/h4>\n<h4>Da\u00fc-Sen<\/h4>\n<h4>Dev-\u0130\u015f<\/h4>\n<h4>El-Sen<\/h4>\n<h4>G\u00fc\u00e7-Sen<\/h4>\n<h4>Hak-Sen<\/h4>\n<h4>Hayvan \u00dcreticileri ve Yeti\u015ftiricileri Birli\u011fi<\/h4>\n<h4>\u0130nsan Haklar\u0131 Platformu<\/h4>\n<h4>K\u0131br\u0131s T\u00fcrk Amme Memurlar\u0131 Sendikas\u0131<\/h4>\n<h4>K\u0131br\u0131s T\u00fcrk Barolar Birli\u011fi<\/h4>\n<h4>K\u0131br\u0131s T\u00fcrk Orta E\u011fitim \u00d6\u011fretmenler Sendikas\u0131<\/h4>\n<h4>K\u0131br\u0131s T\u00fcrk \u00d6\u011fretmenler Sendikas\u0131<\/h4>\n<h4>K\u0131br\u0131s T\u00fcrk Tabipleri Birli\u011fi<\/h4>\n<h4>Liberal Demokrasi Hareketi<\/h4>\n<h4>Maliye-Sen<\/h4>\n<h4>Tel-Sen<\/h4>\n<h4>Toplumcu Demokrasi Partisi<\/h4>\n<h4>Vergi-Sen<\/h4>\n<h4>Yeni K\u0131br\u0131s Partisi<\/h4>\n<h4>Ye\u015fil Bar\u0131\u015f Hareketi<\/h4>\n<h4><\/h4>\n<h4><\/h4>\n<h4><\/h4>\n<h4><\/h4>\n<h4><\/h4>\n<h4><\/h4>\n<h4><\/h4>\n<h4><\/h4>\n<h4><\/h4>\n<h4><\/h4>\n","protected":false},"excerpt":{"rendered":"<p>Ulusal Birlik Partisi &#8211; Demokrat Parti &#8211; Yeniden Do\u011fu\u015f Partisi H\u00fck\u00fcmeti\u2019nin, Ceza ve Bili\u015fim yasalar\u0131nda yapmay\u0131 hedefledi\u011fi de\u011fi\u015fiklikler, Anayasa ile, Avrupa \u0130nsan Haklar\u0131 S\u00f6zle\u015fmesi ba\u015fta olmak<span class=\"excerpt-hellip\"> [\u2026]<\/span><\/p>\n","protected":false},"author":2,"featured_media":4004,"comment_status":"closed","ping_status":"closed","sticky":false,"template":"","format":"standard","meta":{"footnotes":""},"categories":[28,1,15],"tags":[],"_links":{"self":[{"href":"https:\/\/gazetecilerbirligi.com\/index.php?rest_route=\/wp\/v2\/posts\/4003"}],"collection":[{"href":"https:\/\/gazetecilerbirligi.com\/index.php?rest_route=\/wp\/v2\/posts"}],"about":[{"href":"https:\/\/gazetecilerbirligi.com\/index.php?rest_route=\/wp\/v2\/types\/post"}],"author":[{"embeddable":true,"href":"https:\/\/gazetecilerbirligi.com\/index.php?rest_route=\/wp\/v2\/users\/2"}],"replies":[{"embeddable":true,"href":"https:\/\/gazetecilerbirligi.com\/index.php?rest_route=%2Fwp%2Fv2%2Fcomments&post=4003"}],"version-history":[{"count":1,"href":"https:\/\/gazetecilerbirligi.com\/index.php?rest_route=\/wp\/v2\/posts\/4003\/revisions"}],"predecessor-version":[{"id":4005,"href":"https:\/\/gazetecilerbirligi.com\/index.php?rest_route=\/wp\/v2\/posts\/4003\/revisions\/4005"}],"wp:featuredmedia":[{"embeddable":true,"href":"https:\/\/gazetecilerbirligi.com\/index.php?rest_route=\/wp\/v2\/media\/4004"}],"wp:attachment":[{"href":"https:\/\/gazetecilerbirligi.com\/index.php?rest_route=%2Fwp%2Fv2%2Fmedia&parent=4003"}],"wp:term":[{"taxonomy":"category","embeddable":true,"href":"https:\/\/gazetecilerbirligi.com\/index.php?rest_route=%2Fwp%2Fv2%2Fcategories&post=4003"},{"taxonomy":"post_tag","embeddable":true,"href":"https:\/\/gazetecilerbirligi.com\/index.php?rest_route=%2Fwp%2Fv2%2Ftags&post=4003"}],"curies":[{"name":"wp","href":"https:\/\/api.w.org\/{rel}","templated":true}]}}