{"id":3955,"date":"2025-09-11T11:29:54","date_gmt":"2025-09-11T09:29:54","guid":{"rendered":"https:\/\/gazetecilerbirligi.com\/?p=3955"},"modified":"2025-09-11T11:29:54","modified_gmt":"2025-09-11T09:29:54","slug":"kibris-turk-gazeteciler-birligi-olarak-meslektasimiz-haber-kibris-genel-yayin-yonetmeni-huseyin-ekmekciye-yonelik-tehditleri-kiniyoruz","status":"publish","type":"post","link":"https:\/\/gazetecilerbirligi.com\/?p=3955","title":{"rendered":"K\u0131br\u0131s T\u00fcrk Gazeteciler Birli\u011fi olarak, meslekta\u015f\u0131m\u0131z Haber K\u0131br\u0131s Genel Yay\u0131n Y\u00f6netmeni H\u00fcseyin Ekmek\u00e7i\u2019ye y\u00f6nelik tehditleri k\u0131n\u0131yoruz."},"content":{"rendered":"<h4>Ekmek\u00e7i, sosyal medya \u00fczerinden hem kendisine hem de ailesine y\u00f6nelik hakaret ve tehdit mesajlar\u0131 alm\u0131\u015f, \u201chesab\u0131n\u0131n sorulaca\u011f\u0131\u201d y\u00f6n\u00fcnde ifadeler i\u00e7eren bu mesajlarla ilgili olarak bug\u00fcn polise \u015fik\u00e2yette bulunmu\u015ftur.<\/h4>\n<h4>Son d\u00f6nemlerde \u00f6zellikle sosyal medya platformlar\u0131 arac\u0131l\u0131\u011f\u0131yla gazetecilere y\u00f6neltilen tehditler, bas\u0131n \u00f6zg\u00fcrl\u00fc\u011f\u00fcne do\u011frudan sald\u0131r\u0131d\u0131r ve asla kabul edilemez.<\/h4>\n<h4>Bask\u0131 alt\u0131nda, zorlu ya\u015fam ko\u015fullar\u0131nda, t\u00fcrl\u00fc fedak\u00e2rl\u0131klarla kamuoyuna bilgi aktaran gazetecilerin u\u011frad\u0131\u011f\u0131 haks\u0131zl\u0131klar\u0131n kar\u015f\u0131s\u0131nda oldu\u011fumuzu ve olmaya devam edece\u011fimizi bir kez daha hat\u0131rlat\u0131yoruz.<\/h4>\n<h4>Gazetecilerin korunmas\u0131 ve desteklenmesi, demokratik toplumlar\u0131n temel gerekliliklerinden biridir. Bu noktada halk\u0131m\u0131z\u0131n dayan\u0131\u015fmas\u0131 kadar, polisin de bu t\u00fcr olaylarda daha hassas ve sonu\u00e7 al\u0131c\u0131 \u00f6nlemler almas\u0131n\u0131n hayati \u00f6nem ta\u015f\u0131d\u0131\u011f\u0131n\u0131 vurguluyoruz.<\/h4>\n<h4>Meslekta\u015flar\u0131m\u0131z yaln\u0131z de\u011fildir; \u00f6zg\u00fcr bas\u0131n susturulamaz.<\/h4>\n<h4>K\u0131br\u0131s T\u00fcrk Gazeteciler\u00a0Birli\u011fi\u00a0(KTGB)<\/h4>\n","protected":false},"excerpt":{"rendered":"<p>Ekmek\u00e7i, sosyal medya \u00fczerinden hem kendisine hem de ailesine y\u00f6nelik hakaret ve tehdit mesajlar\u0131 alm\u0131\u015f, \u201chesab\u0131n\u0131n sorulaca\u011f\u0131\u201d y\u00f6n\u00fcnde ifadeler i\u00e7eren bu mesajlarla ilgili olarak bug\u00fcn polise<span class=\"excerpt-hellip\"> [\u2026]<\/span><\/p>\n","protected":false},"author":2,"featured_media":3956,"comment_status":"closed","ping_status":"closed","sticky":false,"template":"","format":"standard","meta":{"footnotes":""},"categories":[28,1,15],"tags":[],"_links":{"self":[{"href":"https:\/\/gazetecilerbirligi.com\/index.php?rest_route=\/wp\/v2\/posts\/3955"}],"collection":[{"href":"https:\/\/gazetecilerbirligi.com\/index.php?rest_route=\/wp\/v2\/posts"}],"about":[{"href":"https:\/\/gazetecilerbirligi.com\/index.php?rest_route=\/wp\/v2\/types\/post"}],"author":[{"embeddable":true,"href":"https:\/\/gazetecilerbirligi.com\/index.php?rest_route=\/wp\/v2\/users\/2"}],"replies":[{"embeddable":true,"href":"https:\/\/gazetecilerbirligi.com\/index.php?rest_route=%2Fwp%2Fv2%2Fcomments&post=3955"}],"version-history":[{"count":1,"href":"https:\/\/gazetecilerbirligi.com\/index.php?rest_route=\/wp\/v2\/posts\/3955\/revisions"}],"predecessor-version":[{"id":3957,"href":"https:\/\/gazetecilerbirligi.com\/index.php?rest_route=\/wp\/v2\/posts\/3955\/revisions\/3957"}],"wp:featuredmedia":[{"embeddable":true,"href":"https:\/\/gazetecilerbirligi.com\/index.php?rest_route=\/wp\/v2\/media\/3956"}],"wp:attachment":[{"href":"https:\/\/gazetecilerbirligi.com\/index.php?rest_route=%2Fwp%2Fv2%2Fmedia&parent=3955"}],"wp:term":[{"taxonomy":"category","embeddable":true,"href":"https:\/\/gazetecilerbirligi.com\/index.php?rest_route=%2Fwp%2Fv2%2Fcategories&post=3955"},{"taxonomy":"post_tag","embeddable":true,"href":"https:\/\/gazetecilerbirligi.com\/index.php?rest_route=%2Fwp%2Fv2%2Ftags&post=3955"}],"curies":[{"name":"wp","href":"https:\/\/api.w.org\/{rel}","templated":true}]}}