{"id":3945,"date":"2025-08-30T13:42:46","date_gmt":"2025-08-30T11:42:46","guid":{"rendered":"https:\/\/gazetecilerbirligi.com\/?p=3945"},"modified":"2025-08-30T13:42:46","modified_gmt":"2025-08-30T11:42:46","slug":"secimlerde-demokratik-kulturun-guclenmesi-icin-adaylari-ortak-yayina-cagiriyoruz","status":"publish","type":"post","link":"https:\/\/gazetecilerbirligi.com\/?p=3945","title":{"rendered":"Se\u00e7imlerde Demokratik K\u00fclt\u00fcr\u00fcn G\u00fc\u00e7lenmesi \u0130\u00e7in Adaylar\u0131 Ortak Yay\u0131na \u00c7a\u011f\u0131r\u0131yoruz"},"content":{"rendered":"<h4>KAMUOYUNA DUYURU<\/h4>\n<h4>Geli\u015fmi\u015f demokrasilerde se\u00e7im s\u00fcre\u00e7leri sadece oy verme g\u00fcn\u00fcnden ibaret de\u011fildir. Bu s\u00fcre\u00e7ler, halk\u0131n \u00f6n\u00fcnde ger\u00e7ekle\u015fen a\u00e7\u0131k tart\u0131\u015fmalar, kar\u015f\u0131l\u0131kl\u0131 sorgulamalar ve fikir al\u0131\u015fveri\u015fleriyle anlam kazan\u0131r. Karar alma a\u015famalar\u0131nda projeler, bilgi, vizyon ve kapasite \u00f6ne \u00e7\u0131kar; dedikodular ve manip\u00fclasyonlar geride kal\u0131r.<\/h4>\n<h4>Bas\u0131n \u00f6zg\u00fcrl\u00fc\u011f\u00fcn\u00fcn ve gazetecilik sorumlulu\u011funun temel ald\u0131\u011f\u0131 bu demokratik k\u00fclt\u00fcr, d\u00fcnyan\u0131n bir\u00e7ok \u00fclkesinde uygulama bulmaktad\u0131r. \u00d6rne\u011fin ABD\u2019de ba\u015fkan adaylar\u0131, se\u00e7imden \u00f6nce ulusal televizyonda defalarca kar\u015f\u0131 kar\u015f\u0131ya gelerek kamuoyu \u00f6n\u00fcnde g\u00f6r\u00fc\u015flerini savunur. Fransa, Almanya, \u0130ngiltere, Brezilya, G\u00fcney Kore gibi \u00fclkelerde de benzer formatlar, se\u00e7imlerin ayr\u0131lmaz bir par\u00e7as\u0131d\u0131r. K\u0131br\u0131s&#8217;\u0131n g\u00fcneyinde de b\u00f6yledir. Bu bulu\u015fmalar, yurtta\u015flar\u0131n tercihlerini bilin\u00e7li yapabilmelerine katk\u0131 sunar.<\/h4>\n<h4>K\u0131br\u0131s T\u00fcrk bas\u0131n tarihi de bu anlamda \u00f6nemli \u00f6rneklerle doludur. Farkl\u0131 g\u00f6r\u00fc\u015ften liderlerin ayn\u0131 yay\u0131nlarda kar\u015f\u0131 kar\u015f\u0131ya geldi\u011fi, gazetecilerin halk ad\u0131na sordu\u011fu sorularla y\u00f6n belirledi\u011fi d\u00f6nemler ya\u015fanm\u0131\u015ft\u0131r. Bu, bizim mesleki haf\u0131zam\u0131z\u0131n ve k\u00fclt\u00fcrel miras\u0131m\u0131z\u0131n par\u00e7as\u0131d\u0131r.<\/h4>\n<h4>Ne var ki son y\u0131llarda bu demokratik al\u0131\u015fkanl\u0131k zay\u0131flam\u0131\u015f; farkl\u0131 siyasi g\u00f6r\u00fc\u015flerden adaylar\u0131n bir araya geldi\u011fi a\u00e7\u0131k oturumlar neredeyse yok denecek kadar azalm\u0131\u015ft\u0131r. \u00d6zellikle se\u00e7im d\u00f6nemlerinde bu t\u00fcr bulu\u015fmalar, sadece yasal bir zorunlulu\u011fu yerine getiriyormu\u015f\u00e7as\u0131na, kamu yay\u0131nc\u0131l\u0131\u011f\u0131nda d\u00fczenlenen tekd\u00fcze programlarla s\u0131n\u0131rl\u0131 kalm\u0131\u015ft\u0131r.<\/h4>\n<h4>Be\u015f y\u0131l \u00f6nce yap\u0131lan cumhurba\u015fkanl\u0131\u011f\u0131 se\u00e7imlerinde, son gece t\u00fcm adaylar\u0131n kat\u0131laca\u011f\u0131 bir televizyon program\u0131n\u0131n, bir aday\u0131n aday\u0131 terk etmesiyle ger\u00e7ekle\u015fmesi, h\u00e2l\u00e2 belleklerdedir.<\/h4>\n<h4>K\u0131br\u0131s T\u00fcrk Gazeteciler Birli\u011fi olarak \u00e7a\u011fr\u0131m\u0131z nettir:<\/h4>\n<h4>Yakla\u015fan cumhurba\u015fkanl\u0131\u011f\u0131 se\u00e7im s\u00fcrecinde, \u00f6zellikle \u00f6ne \u00e7\u0131kan iki aday ve ayr\u0131ca t\u00fcm adaylar; halk ad\u0131na soru sorma sorumlulu\u011funu ta\u015f\u0131yan, mesle\u011fi gazetecilik olan profesyonel meslekta\u015flar\u0131m\u0131z\u0131n y\u00f6netiminde, halk\u0131m\u0131z \u00f6n\u00fcnde birbirleriyle do\u011frudan ve \u015feffaf bi\u00e7imde konu\u015fmal\u0131d\u0131r.<\/h4>\n<h4>Bu \u00e7a\u011fr\u0131, sadece bir mesleki talep de\u011fil; ayn\u0131 zamanda daha sa\u011fl\u0131kl\u0131, daha bilin\u00e7li ve daha demokratik bir se\u00e7im s\u00fcreci in\u015fa etmenin gere\u011fidir.<\/h4>\n<h4>Adaylar\u0131n kar\u015f\u0131 kar\u015f\u0131ya gelmesi, farkl\u0131 g\u00f6r\u00fc\u015flerin toplumun huzurunda seslendirmesi, halk\u0131n ger\u00e7ek tercih yapabilmesi i\u00e7in vazge\u00e7ilmezdir.<\/h4>\n<h4>Bu \u00e7er\u00e7evede, farkl\u0131 yay\u0131n organlar\u0131n\u0131n, farkl\u0131 gazetecilerin kat\u0131l\u0131m\u0131yla, e\u015fit s\u00fcre ve objektif ko\u015fullarla ger\u00e7ekle\u015ftirilecek \u00e7ok sesli yay\u0131nlar\u0131n \u00f6n\u00fcn\u00fc a\u00e7maya haz\u0131r\u0131z. Bu yay\u0131nlar\u0131n \u00f6rg\u00fctlenmesi i\u00e7in sorumluluk almaya, i\u015f birli\u011fine ve kolayla\u015ft\u0131r\u0131c\u0131l\u0131\u011fa da haz\u0131r\u0131z.<\/h4>\n<h4>T\u00fcm adaylar\u0131 ortak yay\u0131nlara davet ediyoruz.<\/h4>\n<h4>K\u0131br\u0131s T\u00fcrk Gazeteciler Birli\u011fi<\/h4>\n<h4><\/h4>\n","protected":false},"excerpt":{"rendered":"<p>KAMUOYUNA DUYURU Geli\u015fmi\u015f demokrasilerde se\u00e7im s\u00fcre\u00e7leri sadece oy verme g\u00fcn\u00fcnden ibaret de\u011fildir. Bu s\u00fcre\u00e7ler, halk\u0131n \u00f6n\u00fcnde ger\u00e7ekle\u015fen a\u00e7\u0131k tart\u0131\u015fmalar, kar\u015f\u0131l\u0131kl\u0131 sorgulamalar ve fikir al\u0131\u015fveri\u015fleriyle anlam kazan\u0131r.<span class=\"excerpt-hellip\"> [\u2026]<\/span><\/p>\n","protected":false},"author":2,"featured_media":3463,"comment_status":"closed","ping_status":"closed","sticky":false,"template":"","format":"standard","meta":{"footnotes":""},"categories":[28,1,15],"tags":[],"_links":{"self":[{"href":"https:\/\/gazetecilerbirligi.com\/index.php?rest_route=\/wp\/v2\/posts\/3945"}],"collection":[{"href":"https:\/\/gazetecilerbirligi.com\/index.php?rest_route=\/wp\/v2\/posts"}],"about":[{"href":"https:\/\/gazetecilerbirligi.com\/index.php?rest_route=\/wp\/v2\/types\/post"}],"author":[{"embeddable":true,"href":"https:\/\/gazetecilerbirligi.com\/index.php?rest_route=\/wp\/v2\/users\/2"}],"replies":[{"embeddable":true,"href":"https:\/\/gazetecilerbirligi.com\/index.php?rest_route=%2Fwp%2Fv2%2Fcomments&post=3945"}],"version-history":[{"count":1,"href":"https:\/\/gazetecilerbirligi.com\/index.php?rest_route=\/wp\/v2\/posts\/3945\/revisions"}],"predecessor-version":[{"id":3946,"href":"https:\/\/gazetecilerbirligi.com\/index.php?rest_route=\/wp\/v2\/posts\/3945\/revisions\/3946"}],"wp:featuredmedia":[{"embeddable":true,"href":"https:\/\/gazetecilerbirligi.com\/index.php?rest_route=\/wp\/v2\/media\/3463"}],"wp:attachment":[{"href":"https:\/\/gazetecilerbirligi.com\/index.php?rest_route=%2Fwp%2Fv2%2Fmedia&parent=3945"}],"wp:term":[{"taxonomy":"category","embeddable":true,"href":"https:\/\/gazetecilerbirligi.com\/index.php?rest_route=%2Fwp%2Fv2%2Fcategories&post=3945"},{"taxonomy":"post_tag","embeddable":true,"href":"https:\/\/gazetecilerbirligi.com\/index.php?rest_route=%2Fwp%2Fv2%2Ftags&post=3945"}],"curies":[{"name":"wp","href":"https:\/\/api.w.org\/{rel}","templated":true}]}}