{"id":3927,"date":"2025-06-30T09:19:56","date_gmt":"2025-06-30T07:19:56","guid":{"rendered":"https:\/\/gazetecilerbirligi.com\/?p=3927"},"modified":"2025-06-30T09:20:16","modified_gmt":"2025-06-30T07:20:16","slug":"medya-basari-ve-tesvik-odulleri-aciklandi","status":"publish","type":"post","link":"https:\/\/gazetecilerbirligi.com\/?p=3927","title":{"rendered":"Medya Ba\u015far\u0131 ve Te\u015fvik \u00d6d\u00fclleri A\u00e7\u0131kland\u0131\u00a0"},"content":{"rendered":"<h4>*\u00d6d\u00fcller 11 Temmuz Bas\u0131n G\u00fcn\u00fc nedeniyle d\u00fczenlenecek resepsiyonda verilecek<\/h4>\n<h4>*56 ba\u015fvurunun de\u011ferlendirildi\u011fi yar\u0131\u015fmaya ilgi y\u00fcksek oldu<\/h4>\n<h4>K\u0131br\u0131s T\u00fcrk Gazeteciler Birli\u011fi\u2019nin (KTGB) her y\u0131l 11 Temmuz\u2019da kutlanan Bas\u0131n G\u00fcn\u00fc\u2019nde verdi\u011fi ve gazetecilerin son bir y\u0131ll\u0131k s\u00fcredeki \u00fcretimleriyle kat\u0131labildi\u011fi \u201cMedya Ba\u015far\u0131 ve Te\u015fvik \u00d6d\u00fclleri Yar\u0131\u015fmas\u0131\u201d sonu\u00e7land\u0131.<\/h4>\n<h4>56 ba\u015fvurunun yap\u0131ld\u0131\u011f\u0131 yar\u0131\u015fmada ki\u015fisel ba\u015fvurular yan\u0131nda, \u00fcyeler taraf\u0131ndan sunulan \u00f6neriler de de\u011ferlendirildi. \u00d6d\u00fcl Komitesi, kendi takdiriyle de baz\u0131 \u00f6d\u00fcller vermeyi uygun buldu.<\/h4>\n<h4>27 May\u0131s ile 16 Haziran aras\u0131nda ba\u015fvuru kabul edilen yar\u0131\u015fmada, son bir y\u0131l i\u00e7inde hayat\u0131n\u0131 kaybeden gazeteciler Perihan Aziz ve Neriman Cahit, ge\u00e7mi\u015f y\u0131llarda kaybedilen eski ba\u015fkanlar \u00d6zcan \u00d6zcanhan ve Mustafa Do\u011frus\u00f6z yan\u0131nda birli\u011fe \u00f6nemli hizmetleriyle tan\u0131nan merhum gazeteci Sami Ta\u015farkan ad\u0131na da \u00f6d\u00fcller verilmesi kararla\u015ft\u0131r\u0131ld\u0131.<\/h4>\n<h4>\u201cMedya Ba\u015far\u0131 \u00d6d\u00fclleri\u201d yaz\u0131l\u0131 bas\u0131n, yeni medya ile radyo ve televizyon alanlar\u0131nda gazetecileri onore etmek amac\u0131yla; \u201cTe\u015fvik \u00d6d\u00fclleri\u201d de gen\u00e7 gazetecilere verildi.<\/h4>\n<h4>Medya Ba\u015far\u0131 ve Te\u015fvik \u00d6d\u00fclleri d\u0131\u015f\u0131nda ayr\u0131ca \u201cBar\u0131\u015f Gazetecili\u011fi \u00d6zel \u00d6d\u00fcl\u00fc\u201d ve \u201cMedyada Hakan \u00c7akmak K\u00fclt\u00fcr Sanat \u00d6d\u00fcl\u00fc\u201d de belirlendi.<\/h4>\n<h4>KTGB Y\u00f6netim Kurulu karar\u0131yla olu\u015fturulan \u00d6zg\u00fcl G\u00fcrkut Mutluyakal\u0131 ba\u015fkanl\u0131\u011f\u0131ndaki \u00d6d\u00fcl Komitesi\u2019nde, DA\u00dc \u0130leti\u015fim Fak\u00fcltesi Dekan\u0131 Prof. Dr. Metin Ersoy, UK\u00dc \u0130leti\u015fim Fak\u00fcltesi Dekan Vekili Do\u00e7. Dr. Dilan \u00c7ift\u00e7i, Yrd. Do\u00e7. Dr. Huri Yontucu, emekli gazeteci \u00dcmral Akp\u0131nar, gazeteci Ali Baturay ve gazeteci Osman Kurt g\u00f6rev yapt\u0131.<\/h4>\n<h4>\u00d6d\u00fcl Komitesi, iki toplant\u0131da de\u011ferlendirdi\u011fi ba\u015fvurular\u0131n ge\u00e7mi\u015f y\u0131llara oranla artmas\u0131ndan duydu\u011fu memnuniyeti ifade ederek \u00f6d\u00fcl y\u00f6netmeli\u011finin iyile\u015ftirilmesi i\u00e7in de \u00e7al\u0131\u015fma yap\u0131p KTGB Y\u00f6netim Kurulu\u2019na sunma karar\u0131 ald\u0131.<\/h4>\n<h4>\u00d6d\u00fcle hak kazanan isimler ve dallar\u0131 \u015f\u00f6yle:<\/h4>\n<ol>\n<li>\n<h4>Ay\u015femden Ak\u0131n-Ara\u015ft\u0131rma \u0130nceleme Dal\u0131 \u00d6d\u00fcl\u00fc-Bug\u00fcn K\u0131br\u0131s\u2019ta yay\u0131mlanan \u201cHalil Falyal\u0131 Ya\u015f\u0131yor\u201d yaz\u0131 dizisiyle<\/h4>\n<\/li>\n<li>\n<h4>P\u0131nar Barut-Haber \u00d6d\u00fcl\u00fc- \u00d6zg\u00fcr Gazete\u2019de yay\u0131mlanan \u201cKirli \u0130ttiffak-T\u00f6rehanlar Dosyas\u0131\u201d konulu haberleriyle (\u00d6d\u00fcl Komitesi takdiriyle)<\/h4>\n<\/li>\n<li>\n<h4>Nedim Enginsoy-Foto\u011fraf \u00d6d\u00fcl\u00fc-\u201cYarabbi \u015e\u00fck\u00fcr\u201d adl\u0131 Euronews\u2019te yay\u0131mlanan foto\u011fraf\u0131yla<\/h4>\n<\/li>\n<li>\n<h4>T\u00fcnay Mertek\u00e7i-Bar\u0131\u015f Gazetecili\u011fi \u00d6zel \u00d6d\u00fcl\u00fc- Yenid\u00fczen gazetesinde yay\u0131mlanan \u201c75 Y\u0131l Sonra Konu\u015fan Foto\u011fraflar\u201d r\u00f6portaj\u0131yla<\/h4>\n<\/li>\n<li>\n<h4>Bahad\u0131r Ayna-Perihan Aziz \u00d6zel \u00d6d\u00fcl\u00fc-Haber K\u0131br\u0131s\u2019ta yay\u0131mlanan \u201cBir Anda Bo\u015falan Meydanlar Onbin\u2019lerden On\u2019lara\u201d r\u00f6portaj\u0131yla<\/h4>\n<\/li>\n<li>\n<h4>Arda Mercan-Sami Ta\u015farkan \u00d6zel \u00d6d\u00fcl\u00fc- TAK\u2019ta yay\u0131mlanan \u201cTarihe Tan\u0131kl\u0131k Eden Binaya Veda\u201d r\u00f6portaj\u0131yla<\/h4>\n<\/li>\n<li>\n<h4>Rahme \u00c7ift\u00e7io\u011flu-Neriman Cahit \u00d6zel \u00d6d\u00fcl\u00fc- TAK\u2019ta yay\u0131mlanan Ayla Halit r\u00f6portaj\u0131yla<\/h4>\n<\/li>\n<li>\n<h4>Melihat Haks\u0131z-Mustafa Do\u011frus\u00f6z \u00d6zel \u00d6d\u00fcl\u00fc- K\u0131br\u0131s Net Haber\u2019de yay\u0131mlanan \u201cK\u0131br\u0131s\u2019ta Konsomatris Maskesi Alt\u0131nda Yasal \u0130nsan Ticareti\u201d ba\u015fl\u0131kl\u0131 haberiyle<\/h4>\n<\/li>\n<li>\n<h4>Samet Karako\u00e7-\u00d6zcan \u00d6zcanhan \u00d6zel \u00d6d\u00fcl\u00fc- MYK\u2019da yay\u0131mlanan \u201c2024\u2019te Y\u0131l\u0131n G\u00f6lgesi Kuzey K\u0131br\u0131s\u201d videosuyla<\/h4>\n<\/li>\n<li>\n<h4>\u015eaziye Borankan-Mehmet Alasya-TV E\u011fitim K\u00fclt\u00fcr Program \u00d6d\u00fcl\u00fc- BRT TV\u2019de yay\u0131mlanan \u201cSeni Seviyorum Sesin Oluyorum\u201d program\u0131yla<\/h4>\n<\/li>\n<li>\n<h4>\u0130pek Halim Ta\u015fkap\u0131l\u0131-\u015eaziye Borankan-TV Program \u00d6d\u00fcl\u00fc- BRT TV\u2019de yay\u0131mlanan \u201c1001 Konu 1001 Konuk\u201d program\u0131yla<\/h4>\n<\/li>\n<li>\n<h4>H\u00fcseyin \u00d6zbar\u0131\u015fc\u0131- Spor R\u00f6portaj \u00d6d\u00fcl\u00fc- Yenid\u00fczen gazetesinde yay\u0131mlanan \u201cSporun \u0130zinde\u201d yaz\u0131 dizisiyle<\/h4>\n<\/li>\n<li>\n<h4>Ferda A\u015f\u0131ro\u011flu-Medyada Hakan \u00c7akmak K\u00fclt\u00fcr Sanat \u00d6d\u00fcl\u00fc- Kanal T\u2019de yay\u0131mlanan \u201cM\u00fcz-Ma\u011fusa Diacora Burcu\u201d program\u0131yla<\/h4>\n<\/li>\n<li>\n<h4>G\u00fclten \u00d6zyakup Sezgin- Web Tv R\u00f6portaj \u00d6d\u00fcl\u00fc- Haber K\u0131br\u0131s Web TV\u2019de yay\u0131mlanan Fatma Azg\u0131n Belgeseliyle<\/h4>\n<\/li>\n<li>\n<h4>Mert \u00d6zda\u011f-Ertu\u011frul Senova-TV Haber Program\u0131 \u00d6d\u00fcl\u00fc-Kanal Sim\u2019de yay\u0131mlanan \u201cHaber Toplant\u0131s\u0131\u201d program\u0131yla<\/h4>\n<\/li>\n<li>\n<h4>Burhan Canbaz-TV Haber Spikeri \u00d6d\u00fcl\u00fc (Gen\u00e7 TV) \u00d6d\u00fcl Komitesi takdiriyle)<\/h4>\n<\/li>\n<li>\n<h4>Mustafa Soykan-Radyo Haber Spikeri (BRTK radyosu) (\u00d6d\u00fcl Komitesi takdiriyle)<\/h4>\n<\/li>\n<li>\n<h4>Karikat\u00fcr-Devran \u00d6ztun\u00e7-\u00d6zg\u00fcr Gazete\u2019deki karikat\u00fcrleriyle (\u00d6d\u00fcl Komitesi takdiriyle)<\/h4>\n<\/li>\n<\/ol>\n<h4>11 gazeteciye \u201cHizmet Onur \u00d6d\u00fcl\u00fc\u201d<\/h4>\n<h4>KTGB Y\u00f6netim Kurulu\u2019nun belirlemesiyle ayr\u0131ca, meslekte sar\u0131 bas\u0131n kart\u0131 sahibi ve en az 25 y\u0131l\u0131n\u0131 doldurmu\u015f KTGB \u00fcyesi 11 gazeteciye de Hizmet Onur \u00d6d\u00fcl\u00fc verilecek.<\/h4>\n<h4>Bu isimler de \u015f\u00f6yle:<\/h4>\n<h4>Engin Dervi\u015fa\u011fa (BRTK), Esin Kavaz K\u00fc\u00e7\u00fck (BRTK), \u0130brahim Akkorlu (BRTK), \u0130smet Oyal (BRTK), Levent Kutay (BRTK), Manolya Kutay (BRTK), Nediye \u0130pek Zeytincio\u011flu (Radyo Vatan) Sevil \u00d6zl\u00fc (BRTK), \u015eaziye Abu El Afiye (BRTK), Tahir Aykut T\u00fcrk (Brtk), T\u00fcmay Tu\u011fyan (Yeni\u00e7a\u011f Gazetesi)<\/h4>\n<h4>Medya Ba\u015far\u0131 ve Te\u015fvik \u00d6d\u00fclleri ile Hizmet Onur \u00d6d\u00fclleri, K\u0131br\u0131s\u2019ta bir K\u0131br\u0131sl\u0131 T\u00fcrk taraf\u0131ndan 1889\u2019da yay\u0131mlanan ilk T\u00fcrk\u00e7e gazete Saded\u2019in an\u0131s\u0131na her y\u0131l 11 Temmuz\u2019da kutlanan Bas\u0131n G\u00fcn\u00fc\u2019nde d\u00fczenlenecek resepsiyonda\u00a0verilecek.<\/h4>\n","protected":false},"excerpt":{"rendered":"<p>*\u00d6d\u00fcller 11 Temmuz Bas\u0131n G\u00fcn\u00fc nedeniyle d\u00fczenlenecek resepsiyonda verilecek *56 ba\u015fvurunun de\u011ferlendirildi\u011fi yar\u0131\u015fmaya ilgi y\u00fcksek oldu K\u0131br\u0131s T\u00fcrk Gazeteciler Birli\u011fi\u2019nin (KTGB) her y\u0131l 11 Temmuz\u2019da kutlanan<span class=\"excerpt-hellip\"> [\u2026]<\/span><\/p>\n","protected":false},"author":2,"featured_media":3901,"comment_status":"closed","ping_status":"closed","sticky":false,"template":"","format":"standard","meta":{"footnotes":""},"categories":[28,1,15],"tags":[],"_links":{"self":[{"href":"https:\/\/gazetecilerbirligi.com\/index.php?rest_route=\/wp\/v2\/posts\/3927"}],"collection":[{"href":"https:\/\/gazetecilerbirligi.com\/index.php?rest_route=\/wp\/v2\/posts"}],"about":[{"href":"https:\/\/gazetecilerbirligi.com\/index.php?rest_route=\/wp\/v2\/types\/post"}],"author":[{"embeddable":true,"href":"https:\/\/gazetecilerbirligi.com\/index.php?rest_route=\/wp\/v2\/users\/2"}],"replies":[{"embeddable":true,"href":"https:\/\/gazetecilerbirligi.com\/index.php?rest_route=%2Fwp%2Fv2%2Fcomments&post=3927"}],"version-history":[{"count":1,"href":"https:\/\/gazetecilerbirligi.com\/index.php?rest_route=\/wp\/v2\/posts\/3927\/revisions"}],"predecessor-version":[{"id":3928,"href":"https:\/\/gazetecilerbirligi.com\/index.php?rest_route=\/wp\/v2\/posts\/3927\/revisions\/3928"}],"wp:featuredmedia":[{"embeddable":true,"href":"https:\/\/gazetecilerbirligi.com\/index.php?rest_route=\/wp\/v2\/media\/3901"}],"wp:attachment":[{"href":"https:\/\/gazetecilerbirligi.com\/index.php?rest_route=%2Fwp%2Fv2%2Fmedia&parent=3927"}],"wp:term":[{"taxonomy":"category","embeddable":true,"href":"https:\/\/gazetecilerbirligi.com\/index.php?rest_route=%2Fwp%2Fv2%2Fcategories&post=3927"},{"taxonomy":"post_tag","embeddable":true,"href":"https:\/\/gazetecilerbirligi.com\/index.php?rest_route=%2Fwp%2Fv2%2Ftags&post=3927"}],"curies":[{"name":"wp","href":"https:\/\/api.w.org\/{rel}","templated":true}]}}