{"id":3923,"date":"2025-06-10T10:49:09","date_gmt":"2025-06-10T08:49:09","guid":{"rendered":"https:\/\/gazetecilerbirligi.com\/?p=3923"},"modified":"2025-06-10T10:49:09","modified_gmt":"2025-06-10T08:49:09","slug":"panel-ve-belgesel-gosterimi","status":"publish","type":"post","link":"https:\/\/gazetecilerbirligi.com\/?p=3923","title":{"rendered":"\u00a0\u00a0\u00a0PANEL VE BELGESEL G\u00d6STER\u0130M\u0130"},"content":{"rendered":"<h4>T\u00fcrkiye\u2019de ba\u011f\u0131ms\u0131z medyan\u0131n simgelerinden BirG\u00fcn gazetesinin 20\u2019inci y\u0131ld\u00f6n\u00fcm\u00fc nedeniyle haz\u0131rlanan \u201cBir D\u00fc\u015f\u201d belgeseli izleyicilerle bulu\u015facak.<\/h4>\n<h4>Belgesel g\u00f6sterimi \u00f6ncesinde T\u00fcrkiye ve K\u0131br\u0131sl\u0131 T\u00fcrk gazeteci ve gazeteci k\u00f6kenli siyaset\u00e7ilerin konu\u015fmac\u0131 olarak kat\u0131laca\u011f\u0131 \u201cMedya, Toplumsal M\u00fccadeleler ve Demokrasi\u201d paneli ger\u00e7ekle\u015ftirilecek.<\/h4>\n<h4>K\u0131br\u0131s T\u00fcrk Orta E\u011fitim \u00d6\u011fretmenler Sendikas\u0131 (KTOE\u00d6S), K\u0131br\u0131s T\u00fcrk \u00d6\u011fretmenler Sendikas\u0131 (KT\u00d6S), K\u0131br\u0131s T\u00fcrk Gazeteciler Birli\u011fi (KTGB) ile Bas\u0131n Emek\u00e7ileri Sendikas\u0131 (BASIN-SEN) i\u015fbirli\u011fiyle d\u00fczenlenen belgesel g\u00f6sterimi ve Panel, 13 Haziran Cuma saat 19.00\u2019da KT\u00d6S Konferans Salonunda ger\u00e7ekle\u015ftirilecek.<\/h4>\n<h4>Kolayla\u015ft\u0131r\u0131c\u0131l\u0131\u011f\u0131n\u0131 H\u00fcseyin Yalyal\u0131\u2019n\u0131n yapaca\u011f\u0131 panele konu\u015fmac\u0131 olarak BirG\u00fcn gazetesi yazarlar\u0131ndan T\u00fcrkiye Sol Parti MKY \u00dcyesi Alper Ta\u015f, Bug\u00fcn K\u0131br\u0131s gazetesi yazarlar\u0131ndan Ay\u015femden Ak\u0131n ile Gazeteci\/Cumhuriyet\u00e7i T\u00fcrk Partisi (CTP) milletvekili Sami \u00d6zuslu\u00a0kat\u0131lacak.<\/h4>\n","protected":false},"excerpt":{"rendered":"<p>T\u00fcrkiye\u2019de ba\u011f\u0131ms\u0131z medyan\u0131n simgelerinden BirG\u00fcn gazetesinin 20\u2019inci y\u0131ld\u00f6n\u00fcm\u00fc nedeniyle haz\u0131rlanan \u201cBir D\u00fc\u015f\u201d belgeseli izleyicilerle bulu\u015facak. Belgesel g\u00f6sterimi \u00f6ncesinde T\u00fcrkiye ve K\u0131br\u0131sl\u0131 T\u00fcrk gazeteci ve gazeteci k\u00f6kenli<span class=\"excerpt-hellip\"> [\u2026]<\/span><\/p>\n","protected":false},"author":2,"featured_media":3924,"comment_status":"closed","ping_status":"closed","sticky":false,"template":"","format":"standard","meta":{"footnotes":""},"categories":[28,1,15],"tags":[],"_links":{"self":[{"href":"https:\/\/gazetecilerbirligi.com\/index.php?rest_route=\/wp\/v2\/posts\/3923"}],"collection":[{"href":"https:\/\/gazetecilerbirligi.com\/index.php?rest_route=\/wp\/v2\/posts"}],"about":[{"href":"https:\/\/gazetecilerbirligi.com\/index.php?rest_route=\/wp\/v2\/types\/post"}],"author":[{"embeddable":true,"href":"https:\/\/gazetecilerbirligi.com\/index.php?rest_route=\/wp\/v2\/users\/2"}],"replies":[{"embeddable":true,"href":"https:\/\/gazetecilerbirligi.com\/index.php?rest_route=%2Fwp%2Fv2%2Fcomments&post=3923"}],"version-history":[{"count":1,"href":"https:\/\/gazetecilerbirligi.com\/index.php?rest_route=\/wp\/v2\/posts\/3923\/revisions"}],"predecessor-version":[{"id":3925,"href":"https:\/\/gazetecilerbirligi.com\/index.php?rest_route=\/wp\/v2\/posts\/3923\/revisions\/3925"}],"wp:featuredmedia":[{"embeddable":true,"href":"https:\/\/gazetecilerbirligi.com\/index.php?rest_route=\/wp\/v2\/media\/3924"}],"wp:attachment":[{"href":"https:\/\/gazetecilerbirligi.com\/index.php?rest_route=%2Fwp%2Fv2%2Fmedia&parent=3923"}],"wp:term":[{"taxonomy":"category","embeddable":true,"href":"https:\/\/gazetecilerbirligi.com\/index.php?rest_route=%2Fwp%2Fv2%2Fcategories&post=3923"},{"taxonomy":"post_tag","embeddable":true,"href":"https:\/\/gazetecilerbirligi.com\/index.php?rest_route=%2Fwp%2Fv2%2Ftags&post=3923"}],"curies":[{"name":"wp","href":"https:\/\/api.w.org\/{rel}","templated":true}]}}