{"id":3921,"date":"2025-06-10T09:25:01","date_gmt":"2025-06-10T07:25:01","guid":{"rendered":"https:\/\/gazetecilerbirligi.com\/?p=3921"},"modified":"2025-06-10T09:25:01","modified_gmt":"2025-06-10T07:25:01","slug":"medya-basari-ve-tesvik-odulleri-icin-basvurular-devam-ediyor","status":"publish","type":"post","link":"https:\/\/gazetecilerbirligi.com\/?p=3921","title":{"rendered":"Medya Ba\u015far\u0131 ve Te\u015fvik \u00d6d\u00fclleri \u0130\u00e7in Ba\u015fvurular Devam Ediyor\u00a0\u00a0\u00a0\u00a0\u00a0"},"content":{"rendered":"<h4>Ba\u015fvurular <strong>16 Haziran 2025 Pazartesi<\/strong> g\u00fcn\u00fcne kadar <strong>09.00-13.00<\/strong> saatleri aras\u0131nda <strong>KTGB Sekreterli\u011fi\u2019ne<\/strong> yap\u0131labilecek.<\/h4>\n<h4>K\u0131br\u0131s T\u00fcrk Gazeteciler Birli\u011fi her y\u0131l 11 Temmuz\u2019da kutlanan Bas\u0131n G\u00fcn\u00fc\u2019nde, bu y\u0131l da \u201cMedya Ba\u015far\u0131 ve Te\u015fvik \u00d6d\u00fclleri\u201d verecek.<\/h4>\n<h4>Medya Ba\u015far\u0131 ve Te\u015fvik \u00d6d\u00fclleri yar\u0131\u015fmas\u0131 i\u00e7in 27 May\u0131s 2025 Sal\u0131 g\u00fcn ba\u015flayan ba\u015fvurularda s\u00fcre, 16 Haziran 2025 Pazartesi saat <strong>13.00\u2019te<\/strong> dolacak.<\/h4>\n<h4>Yar\u0131\u015fmaya ba\u015fvurular, eser sahibi taraf\u0131ndan do\u011frudan yap\u0131labilece\u011fi gibi, Gazeteciler Birli\u011fi \u00fcyeleri taraf\u0131ndan ba\u015fka \u00fcyeler i\u00e7in \u00f6nerilerde de bulunulabilecek.<\/h4>\n<h4>\u201cMedya Ba\u015far\u0131 \u00d6d\u00fclleri\u201d yaz\u0131l\u0131 bas\u0131n, yeni medya ile radyo ve televizyon alanlar\u0131nda gazetecileri onore etmek amac\u0131yla; \u201cTe\u015fvik \u00d6d\u00fclleri\u201d de meslekteki \u00e7al\u0131\u015fma s\u00fcreleri en fazla be\u015f y\u0131l\u0131 ge\u00e7memek ko\u015fulu ile sar\u0131 bas\u0131n kart\u0131 sahibi gazetecilere ve ileti\u015fim fak\u00fcltesi \u00f6\u011frencisi ve\/veya yeni mezun olmu\u015f ki\u015filere verilecek.<\/h4>\n<h4>Medya Ba\u015far\u0131 ve Te\u015fvik \u00d6d\u00fclleri d\u0131\u015f\u0131nda ayr\u0131ca \u201cBar\u0131\u015f Gazetecili\u011fi \u00d6zel \u00d6d\u00fcl\u00fc\u201d, \u201cMedyada Hakan \u00c7akmak K\u00fclt\u00fcr Sanat \u00d6d\u00fcl\u00fc\u201d ve \u201cGazetecilik Mesle\u011fine Katk\u0131da Bulunan Akademik \u00c7al\u0131\u015fma \u00d6d\u00fcl\u00fc\u201d de verilecek.<\/h4>\n<h4>KTGB Y\u00f6netim Kurulu karar\u0131yla olu\u015fturulan ve bu y\u0131lki ba\u015fvurular\u0131 de\u011ferlendirecek \u00d6zg\u00fcl G\u00fcrkut Mutluyakal\u0131, Metin Ersoy, Huri Yontucu, Dilan \u00c7ift\u00e7i, \u00dcmral Akp\u0131nar, Ali Baturay ve Osman Kurt\u2019tan olu\u015fturulan \u00d6d\u00fcl Komitesi y\u00f6netmelik uyar\u0131nca 1 Haziran 2024 &#8211;<\/h4>\n<h4>1 Haziran 2025 (her iki tarih de dahil) tarihleri aras\u0131nda yay\u0131nlanm\u0131\u015f eserler i\u00e7in ba\u015fvuru kabul edecek.<\/h4>\n<h4>Ba\u015fvurulacak dallarla ilgili bilgi i\u00e7eren \u00d6d\u00fcl Y\u00f6netmeli\u011fi&#8217;ne <a href=\"https:\/\/gazetecilerbirligi.com\/wp-content\/uploads\/2024\/05\/ktgb-odul-yonetmeligi-yeni.pdf\">https:\/\/gazetecilerbirligi.com\/wp-content\/uploads\/2024\/05\/ktgb-odul-yonetmeligi-yeni.pdf<\/a>\u00a0 ve Ba\u015fvuru Formu&#8217;na \u00a0<a href=\"https:\/\/gazetecilerbirligi.com\/wp-content\/uploads\/2021\/03\/Medya-Basari-Odulleri-Basvuru-Formu.pdf\">https:\/\/gazetecilerbirligi.com\/wp-content\/uploads\/2021\/03\/Medya-Basari-Odulleri-Basvuru-Formu.pdf<\/a> adreslerinden\u00a0ula\u015f\u0131labilir.<\/h4>\n<h4><\/h4>\n<h4><\/h4>\n","protected":false},"excerpt":{"rendered":"<p>Ba\u015fvurular 16 Haziran 2025 Pazartesi g\u00fcn\u00fcne kadar 09.00-13.00 saatleri aras\u0131nda KTGB Sekreterli\u011fi\u2019ne yap\u0131labilecek. K\u0131br\u0131s T\u00fcrk Gazeteciler Birli\u011fi her y\u0131l 11 Temmuz\u2019da kutlanan Bas\u0131n G\u00fcn\u00fc\u2019nde, bu y\u0131l<span class=\"excerpt-hellip\"> [\u2026]<\/span><\/p>\n","protected":false},"author":2,"featured_media":3901,"comment_status":"closed","ping_status":"closed","sticky":false,"template":"","format":"standard","meta":{"footnotes":""},"categories":[28,1,15],"tags":[],"_links":{"self":[{"href":"https:\/\/gazetecilerbirligi.com\/index.php?rest_route=\/wp\/v2\/posts\/3921"}],"collection":[{"href":"https:\/\/gazetecilerbirligi.com\/index.php?rest_route=\/wp\/v2\/posts"}],"about":[{"href":"https:\/\/gazetecilerbirligi.com\/index.php?rest_route=\/wp\/v2\/types\/post"}],"author":[{"embeddable":true,"href":"https:\/\/gazetecilerbirligi.com\/index.php?rest_route=\/wp\/v2\/users\/2"}],"replies":[{"embeddable":true,"href":"https:\/\/gazetecilerbirligi.com\/index.php?rest_route=%2Fwp%2Fv2%2Fcomments&post=3921"}],"version-history":[{"count":1,"href":"https:\/\/gazetecilerbirligi.com\/index.php?rest_route=\/wp\/v2\/posts\/3921\/revisions"}],"predecessor-version":[{"id":3922,"href":"https:\/\/gazetecilerbirligi.com\/index.php?rest_route=\/wp\/v2\/posts\/3921\/revisions\/3922"}],"wp:featuredmedia":[{"embeddable":true,"href":"https:\/\/gazetecilerbirligi.com\/index.php?rest_route=\/wp\/v2\/media\/3901"}],"wp:attachment":[{"href":"https:\/\/gazetecilerbirligi.com\/index.php?rest_route=%2Fwp%2Fv2%2Fmedia&parent=3921"}],"wp:term":[{"taxonomy":"category","embeddable":true,"href":"https:\/\/gazetecilerbirligi.com\/index.php?rest_route=%2Fwp%2Fv2%2Fcategories&post=3921"},{"taxonomy":"post_tag","embeddable":true,"href":"https:\/\/gazetecilerbirligi.com\/index.php?rest_route=%2Fwp%2Fv2%2Ftags&post=3921"}],"curies":[{"name":"wp","href":"https:\/\/api.w.org\/{rel}","templated":true}]}}