{"id":3919,"date":"2025-06-02T10:17:38","date_gmt":"2025-06-02T08:17:38","guid":{"rendered":"https:\/\/gazetecilerbirligi.com\/?p=3919"},"modified":"2025-06-02T10:17:38","modified_gmt":"2025-06-02T08:17:38","slug":"ktgbden-kinama","status":"publish","type":"post","link":"https:\/\/gazetecilerbirligi.com\/?p=3919","title":{"rendered":"KTGB\u2019DEN KINAMA"},"content":{"rendered":"<p>YDP Genel Sekreteri Er\u015fah Sabit Y\u0131lmaz yapt\u0131\u011f\u0131 bir a\u00e7\u0131klama do\u011frultusunda yay\u0131nlanan haberi kald\u0131rmad\u0131\u011f\u0131 i\u00e7in MYK edit\u00f6r\u00fc Nurg\u00fcl Ece\u2019ye hakaret ve zorlama i\u00e7eren s\u00f6zler sarf etti\u011fini MYK arac\u0131l\u0131\u011f\u0131 ile \u00f6\u011frenmi\u015f bulunuyoruz.<\/p>\n<h4>MYK, koalisyon ortaklar\u0131n\u0131n bu ak\u015fam (2 Haziran 2025) yapaca\u011f\u0131 etkinlikle ilgili YDP Genel Sekreteri Er\u015fah Sabit Y\u0131lmaz\u2019dan bilgi istedi\u011fi ancak Y\u0131lmaz\u2019\u0131n b\u00f6yle bir geli\u015fmeden haberdar olmad\u0131\u011f\u0131n\u0131 s\u00f6ylemesi \u00fczerine bu do\u011frultuda bir haber yay\u0131nlam\u0131\u015ft\u0131r.<\/h4>\n<h4>Er\u015fah Sabit Y\u0131lmaz bir s\u00fcre sonra edit\u00f6r Nurg\u00fcl Ece\u2019yi arayarak ilgililerin konudan haberdar oldu\u011funu s\u00f6ylemesi \u00fczerine al\u0131nan bilgiler do\u011frultusunda yeni bir haber yap\u0131lm\u0131\u015f ancak bu kez Er\u015fah Sabit Y\u0131lmaz \u00f6nceki haberin kald\u0131r\u0131lmas\u0131n\u0131 talep etmi\u015ftir.<\/h4>\n<h4>Do\u011frulu\u011fundan emin olunan bir haberi siteden kald\u0131r\u0131p kald\u0131rmamak o sitenin y\u00f6neticilerinin verece\u011fi bir karard\u0131r. Kald\u0131 ki b\u00f6ylesi bir talepte bulunulurken tehdit kokan s\u00f6zler sarf edilmez ve \u2018a\u00e7\u0131klamam \u00e7arpt\u0131r\u0131ld\u0131 sen kimsin\u2019 gibi bir \u00fcslup kullan\u0131lmaz.<\/h4>\n<h4>K\u0131br\u0131s T\u00fcrk Gazeteciler Birli\u011fi olarak YDP Genel Sekreteri Er\u015fah Sabit Y\u0131lmaz\u2019\u0131 \u00fcslubundan dolay\u0131 edit\u00f6r Nurg\u00fcl Ece\u2019den \u00f6z\u00fcr dilemeye davet ederken,\u00a0 meslekta\u015flar\u0131m\u0131z\u0131n emir eri olmad\u0131\u011f\u0131n\u0131 bir kez daha hat\u0131rlat\u0131r\u0131z.<\/h4>\n<h4>KTGB\u00a0Y\u00d6NET\u0130M\u00a0KURULU<\/h4>\n","protected":false},"excerpt":{"rendered":"<p>YDP Genel Sekreteri Er\u015fah Sabit Y\u0131lmaz yapt\u0131\u011f\u0131 bir a\u00e7\u0131klama do\u011frultusunda yay\u0131nlanan haberi kald\u0131rmad\u0131\u011f\u0131 i\u00e7in MYK edit\u00f6r\u00fc Nurg\u00fcl Ece\u2019ye hakaret ve zorlama i\u00e7eren s\u00f6zler sarf etti\u011fini MYK<span class=\"excerpt-hellip\"> [\u2026]<\/span><\/p>\n","protected":false},"author":2,"featured_media":3901,"comment_status":"closed","ping_status":"closed","sticky":false,"template":"","format":"standard","meta":{"footnotes":""},"categories":[28,1,15],"tags":[],"_links":{"self":[{"href":"https:\/\/gazetecilerbirligi.com\/index.php?rest_route=\/wp\/v2\/posts\/3919"}],"collection":[{"href":"https:\/\/gazetecilerbirligi.com\/index.php?rest_route=\/wp\/v2\/posts"}],"about":[{"href":"https:\/\/gazetecilerbirligi.com\/index.php?rest_route=\/wp\/v2\/types\/post"}],"author":[{"embeddable":true,"href":"https:\/\/gazetecilerbirligi.com\/index.php?rest_route=\/wp\/v2\/users\/2"}],"replies":[{"embeddable":true,"href":"https:\/\/gazetecilerbirligi.com\/index.php?rest_route=%2Fwp%2Fv2%2Fcomments&post=3919"}],"version-history":[{"count":1,"href":"https:\/\/gazetecilerbirligi.com\/index.php?rest_route=\/wp\/v2\/posts\/3919\/revisions"}],"predecessor-version":[{"id":3920,"href":"https:\/\/gazetecilerbirligi.com\/index.php?rest_route=\/wp\/v2\/posts\/3919\/revisions\/3920"}],"wp:featuredmedia":[{"embeddable":true,"href":"https:\/\/gazetecilerbirligi.com\/index.php?rest_route=\/wp\/v2\/media\/3901"}],"wp:attachment":[{"href":"https:\/\/gazetecilerbirligi.com\/index.php?rest_route=%2Fwp%2Fv2%2Fmedia&parent=3919"}],"wp:term":[{"taxonomy":"category","embeddable":true,"href":"https:\/\/gazetecilerbirligi.com\/index.php?rest_route=%2Fwp%2Fv2%2Fcategories&post=3919"},{"taxonomy":"post_tag","embeddable":true,"href":"https:\/\/gazetecilerbirligi.com\/index.php?rest_route=%2Fwp%2Fv2%2Ftags&post=3919"}],"curies":[{"name":"wp","href":"https:\/\/api.w.org\/{rel}","templated":true}]}}