{"id":3913,"date":"2025-05-21T12:48:21","date_gmt":"2025-05-21T10:48:21","guid":{"rendered":"https:\/\/gazetecilerbirligi.com\/?p=3913"},"modified":"2025-05-21T12:48:21","modified_gmt":"2025-05-21T10:48:21","slug":"gazetecilik-suc-degildir","status":"publish","type":"post","link":"https:\/\/gazetecilerbirligi.com\/?p=3913","title":{"rendered":"GAZETEC\u0130L\u0130K SU\u00c7 DE\u011e\u0130LD\u0130R"},"content":{"rendered":"<h4>Bekirpa\u015fa Lisesi\u2019nde ama\u00e7lar\u0131 sadece gazetecilik g\u00f6revini yerine getirmek olan meslekta\u015flar\u0131m\u0131za Polis taraf\u0131ndan dava okunmas\u0131n\u0131 gazetecili\u011fe y\u00f6nelik bir bask\u0131 olarak de\u011ferlendiriyoruz.<\/h4>\n<h4>Bekirpa\u015fa Lisesi\u2019nde ilgili sendikan\u0131n ve velilerin de m\u00fcdahil oldu\u011fu bir olay\u0131, sadece haber yapmak ve kamuoyuna bilgi vermek amac\u0131 olan meslekta\u015flar\u0131m\u0131z\u0131n polise g\u00f6t\u00fcr\u00fclerek \u201cM\u00fclke Tecav\u00fcz-Su\u00e7 \u0130\u015flemek \u0130\u00e7in Mala Girmek\u201d su\u00e7lar\u0131ndan yola \u00e7\u0131karak dava okunmas\u0131 kabul edilebilir bir durum de\u011fildir.<\/h4>\n<h4>Meslekta\u015flar\u0131m\u0131z, s\u00f6z konusu okul binas\u0131n\u0131n kap\u0131lar\u0131n\u0131n kilitli oldu\u011fu bir s\u00fcre\u00e7te bir\u00e7ok ki\u015fi gibi a\u00e7\u0131k olan okul bah\u00e7esinde r\u00f6portaj yapmak amac\u0131yla bulunuyorlard\u0131. \u00c7\u0131kmalar\u0131 istendi\u011fi zaman da hemen bah\u00e7enin d\u0131\u015f\u0131na \u00e7\u0131km\u0131\u015flard\u0131r. Buna ra\u011fmen \u201cSu\u00e7 \u0130\u015flemek \u0130\u00e7in Mala Girme\u201d gibi a\u011f\u0131r bir ithamla kendilerine dava okunmas\u0131 asla boyun e\u011filecek bir tav\u0131r de\u011fildir.<\/h4>\n<h4>Gazeteci her yerde gazetecilik yapmak zorundad\u0131r. Bu bir bas\u0131n toplant\u0131s\u0131 da veya derslikleri kilitli bir okul bah\u00e7esi de olabilir. Meslekta\u015flar\u0131m\u0131z\u0131n m\u00fclke zarar vermeyece\u011fini bilen okul idaresinin ve polisin bu tutumunun gazetecilere y\u00f6nelik bir g\u00f6zda\u011f\u0131 verme amac\u0131 ta\u015f\u0131d\u0131\u011f\u0131 d\u00fc\u015f\u00fcncesindeyiz.<\/h4>\n<h4>Gazetecilik su\u00e7 de\u011fildir, gazetecilik kamuyu her ko\u015fulda bilgilendirme sanat\u0131d\u0131r. M\u00fccadelemizi bu y\u00f6nde s\u00fcrd\u00fcrmekte kararl\u0131y\u0131z.<\/h4>\n<h4>KTGB\u00a0Y\u00f6netim\u00a0Kurulu<\/h4>\n","protected":false},"excerpt":{"rendered":"<p>Bekirpa\u015fa Lisesi\u2019nde ama\u00e7lar\u0131 sadece gazetecilik g\u00f6revini yerine getirmek olan meslekta\u015flar\u0131m\u0131za Polis taraf\u0131ndan dava okunmas\u0131n\u0131 gazetecili\u011fe y\u00f6nelik bir bask\u0131 olarak de\u011ferlendiriyoruz. Bekirpa\u015fa Lisesi\u2019nde ilgili sendikan\u0131n ve velilerin<span class=\"excerpt-hellip\"> [\u2026]<\/span><\/p>\n","protected":false},"author":2,"featured_media":3901,"comment_status":"closed","ping_status":"closed","sticky":false,"template":"","format":"standard","meta":{"footnotes":""},"categories":[28,1,15],"tags":[],"_links":{"self":[{"href":"https:\/\/gazetecilerbirligi.com\/index.php?rest_route=\/wp\/v2\/posts\/3913"}],"collection":[{"href":"https:\/\/gazetecilerbirligi.com\/index.php?rest_route=\/wp\/v2\/posts"}],"about":[{"href":"https:\/\/gazetecilerbirligi.com\/index.php?rest_route=\/wp\/v2\/types\/post"}],"author":[{"embeddable":true,"href":"https:\/\/gazetecilerbirligi.com\/index.php?rest_route=\/wp\/v2\/users\/2"}],"replies":[{"embeddable":true,"href":"https:\/\/gazetecilerbirligi.com\/index.php?rest_route=%2Fwp%2Fv2%2Fcomments&post=3913"}],"version-history":[{"count":1,"href":"https:\/\/gazetecilerbirligi.com\/index.php?rest_route=\/wp\/v2\/posts\/3913\/revisions"}],"predecessor-version":[{"id":3915,"href":"https:\/\/gazetecilerbirligi.com\/index.php?rest_route=\/wp\/v2\/posts\/3913\/revisions\/3915"}],"wp:featuredmedia":[{"embeddable":true,"href":"https:\/\/gazetecilerbirligi.com\/index.php?rest_route=\/wp\/v2\/media\/3901"}],"wp:attachment":[{"href":"https:\/\/gazetecilerbirligi.com\/index.php?rest_route=%2Fwp%2Fv2%2Fmedia&parent=3913"}],"wp:term":[{"taxonomy":"category","embeddable":true,"href":"https:\/\/gazetecilerbirligi.com\/index.php?rest_route=%2Fwp%2Fv2%2Fcategories&post=3913"},{"taxonomy":"post_tag","embeddable":true,"href":"https:\/\/gazetecilerbirligi.com\/index.php?rest_route=%2Fwp%2Fv2%2Ftags&post=3913"}],"curies":[{"name":"wp","href":"https:\/\/api.w.org\/{rel}","templated":true}]}}