{"id":3909,"date":"2025-05-08T09:03:59","date_gmt":"2025-05-08T07:03:59","guid":{"rendered":"https:\/\/gazetecilerbirligi.com\/?p=3909"},"modified":"2025-05-08T09:03:59","modified_gmt":"2025-05-08T07:03:59","slug":"ktgb-ve-basin-sen-ortak-aciklama","status":"publish","type":"post","link":"https:\/\/gazetecilerbirligi.com\/?p=3909","title":{"rendered":"KTGB ve BASIN SEN ORTAK A\u00c7IKLAMA\u00a0 \u00a0 \u00a0 \u00a0 \u00a0 \u00a0 \u00a0 \u00a0\u00a0"},"content":{"rendered":"<h4>GAZETEC\u0130L\u0130K SAH\u0130PS\u0130Z DE\u011e\u0130LD\u0130R! AY\u015eEMDEN AKIN YALNIZ DE\u011e\u0130LD\u0130R!<\/h4>\n<h4>K\u0131br\u0131s T\u00fcrk bas\u0131n\u0131, son d\u00f6nemde sistematik bi\u00e7imde sindirilmeye, korkutulmaya ve susturulmaya \u00e7al\u0131\u015f\u0131l\u0131yor.<\/h4>\n<h4>Hem d\u0131\u015flan\u0131yor hem de ayr\u0131mc\u0131l\u0131\u011fa u\u011fruyor.<\/h4>\n<h4>Bir yanda dava bask\u0131s\u0131yla gazetecilerin \u00fczerine gidiliyor, di\u011fer yanda \u00f6l\u00fcm tehditleri sessizlikle ge\u00e7i\u015ftiriliyor.<\/h4>\n<h4>Korkmayaca\u011f\u0131z, susmayaca\u011f\u0131z, vazge\u00e7meyece\u011fiz.<\/h4>\n<h4>Gazeteciler olarak hakikatin pe\u015finde olmaya devam edece\u011fiz.<\/h4>\n<h4>\u00dcyemiz, meslekta\u015f\u0131m\u0131z gazeteci Ay\u015femden Ak\u0131n, \u00fclkemizdeki karanl\u0131k ili\u015fkilere \u0131\u015f\u0131k tuttu\u011fu ve t\u00fcm d\u00fcnyada ses getiren bir r\u00f6portaja imza att\u0131\u011f\u0131 i\u00e7in \u00f6l\u00fcm tehditlerine maruz kal\u0131yor.<\/h4>\n<h4>Ay\u015femden Ak\u0131n\u2019\u0131n can g\u00fcvenli\u011finden bu \u00fclkeyi y\u00f6netenler ile polis ve polisin ba\u011fl\u0131 oldu\u011fu makamlar sorumludur.<\/h4>\n<h4>Bu \u00fclkede bir yazar katledilirken delilleri gizleyenler ve tetik\u00e7ilerle birlikte ke\u015fif yapanlar unutulmam\u0131\u015ft\u0131r.<\/h4>\n<h4>Elbette, Ay\u015femden Ak\u0131n yaln\u0131z de\u011fildir.<\/h4>\n<h4>Bir kez daha \u201cGazetecilik su\u00e7 de\u011fildir\u201d diyoruz ve gazetecilerin sahipsiz olmad\u0131\u011f\u0131n\u0131 hayk\u0131r\u0131yoruz.<\/h4>\n<h4>Hollanda\u2019da infaz edilen Cemil \u00d6nal ile yapt\u0131klar\u0131 r\u00f6portaj\u0131n ard\u0131ndan hayatlar\u0131 ev hapsine d\u00f6n\u00fc\u015fen Ay\u015femden Ak\u0131n ve Emine Y\u00fcksel i\u00e7in bir kez daha etkin koruma talep ediyoruz.<\/h4>\n<h4>Gazetecili\u011fe, demokrasiye, bas\u0131n \u00f6zg\u00fcrl\u00fc\u011f\u00fcne ve yurdumuzun ayd\u0131nl\u0131k gelece\u011fine sonuna kadar sahip \u00e7\u0131kaca\u011f\u0131z.<\/h4>\n<h4><\/h4>\n","protected":false},"excerpt":{"rendered":"<p>GAZETEC\u0130L\u0130K SAH\u0130PS\u0130Z DE\u011e\u0130LD\u0130R! AY\u015eEMDEN AKIN YALNIZ DE\u011e\u0130LD\u0130R! K\u0131br\u0131s T\u00fcrk bas\u0131n\u0131, son d\u00f6nemde sistematik bi\u00e7imde sindirilmeye, korkutulmaya ve susturulmaya \u00e7al\u0131\u015f\u0131l\u0131yor. Hem d\u0131\u015flan\u0131yor hem de ayr\u0131mc\u0131l\u0131\u011fa u\u011fruyor. Bir<span class=\"excerpt-hellip\"> [\u2026]<\/span><\/p>\n","protected":false},"author":2,"featured_media":3812,"comment_status":"closed","ping_status":"closed","sticky":false,"template":"","format":"standard","meta":{"footnotes":""},"categories":[28,1,15],"tags":[],"_links":{"self":[{"href":"https:\/\/gazetecilerbirligi.com\/index.php?rest_route=\/wp\/v2\/posts\/3909"}],"collection":[{"href":"https:\/\/gazetecilerbirligi.com\/index.php?rest_route=\/wp\/v2\/posts"}],"about":[{"href":"https:\/\/gazetecilerbirligi.com\/index.php?rest_route=\/wp\/v2\/types\/post"}],"author":[{"embeddable":true,"href":"https:\/\/gazetecilerbirligi.com\/index.php?rest_route=\/wp\/v2\/users\/2"}],"replies":[{"embeddable":true,"href":"https:\/\/gazetecilerbirligi.com\/index.php?rest_route=%2Fwp%2Fv2%2Fcomments&post=3909"}],"version-history":[{"count":1,"href":"https:\/\/gazetecilerbirligi.com\/index.php?rest_route=\/wp\/v2\/posts\/3909\/revisions"}],"predecessor-version":[{"id":3911,"href":"https:\/\/gazetecilerbirligi.com\/index.php?rest_route=\/wp\/v2\/posts\/3909\/revisions\/3911"}],"wp:featuredmedia":[{"embeddable":true,"href":"https:\/\/gazetecilerbirligi.com\/index.php?rest_route=\/wp\/v2\/media\/3812"}],"wp:attachment":[{"href":"https:\/\/gazetecilerbirligi.com\/index.php?rest_route=%2Fwp%2Fv2%2Fmedia&parent=3909"}],"wp:term":[{"taxonomy":"category","embeddable":true,"href":"https:\/\/gazetecilerbirligi.com\/index.php?rest_route=%2Fwp%2Fv2%2Fcategories&post=3909"},{"taxonomy":"post_tag","embeddable":true,"href":"https:\/\/gazetecilerbirligi.com\/index.php?rest_route=%2Fwp%2Fv2%2Ftags&post=3909"}],"curies":[{"name":"wp","href":"https:\/\/api.w.org\/{rel}","templated":true}]}}