{"id":3906,"date":"2025-05-04T21:01:35","date_gmt":"2025-05-04T19:01:35","guid":{"rendered":"https:\/\/gazetecilerbirligi.com\/?p=3906"},"modified":"2025-05-04T21:01:35","modified_gmt":"2025-05-04T19:01:35","slug":"kibris-turk-basinini-dislayan-kulliye-acilisi-3-mayisa-kara-bir-leke","status":"publish","type":"post","link":"https:\/\/gazetecilerbirligi.com\/?p=3906","title":{"rendered":"K\u0131br\u0131s T\u00fcrk bas\u0131n\u0131n\u0131 d\u0131\u015flayan \u201cK\u00fclliye\u201d a\u00e7\u0131l\u0131\u015f\u0131: 3 May\u0131s\u2019a kara bir leke"},"content":{"rendered":"<h4>Yeni Cumhurba\u015fkanl\u0131\u011f\u0131 ve Cumhuriyet Meclisi yerle\u015fkesi &#8211; \u201cK\u00fclliye\u201dnin \u2014 a\u00e7\u0131l\u0131\u015f t\u00f6reninde K\u0131br\u0131s T\u00fcrk bas\u0131n\u0131na ayr\u0131mc\u0131l\u0131k ve sayg\u0131s\u0131zl\u0131k yap\u0131lm\u0131\u015ft\u0131r.<\/h4>\n<h4>3 May\u0131s D\u00fcnya Bas\u0131n \u00d6zg\u00fcrl\u00fc\u011f\u00fc G\u00fcn\u00fc\u2019nde sergilenen bu tav\u0131r kabul edilemez.<\/h4>\n<h4>Bas\u0131n kurulu\u015flar\u0131m\u0131z\u0131n a\u00e7\u0131l\u0131\u015flar\u0131 takip edebilmesi i\u00e7in uygulanacak prosed\u00fcr\u00fc ve akreditasyon s\u00fcrecini yak\u0131ndan takip ettik ve uygulamayla ilgili Enformasyon Dairesi&#8217;nden bilgi istedik.<\/h4>\n<h4>Enformasyon Dairesi M\u00fcd\u00fcr\u00fc ile g\u00f6r\u00fc\u015fmelerimiz sonucunda muhatab\u0131m\u0131z\u0131n Cumhurba\u015fkanl\u0131\u011f\u0131 oldu\u011fu bilgisini ald\u0131k. Yetkililerle yapt\u0131\u011f\u0131m\u0131z g\u00f6r\u00fc\u015fmeler sonucunda ise her yay\u0131n kurulu\u015fundan iki ki\u015finin g\u00f6r\u00fcnt\u00fc ve haber ama\u00e7l\u0131 akredide olaca\u011f\u0131 bilgisini ald\u0131k ki bu, Cumhurba\u015fkanl\u0131\u011f\u0131 taraf\u0131ndan da payla\u015f\u0131ld\u0131.<\/h4>\n<h4>Ancak bir g\u00fcn sonra say\u0131 fazlal\u0131\u011f\u0131 gerek\u00e7esiyle bu rakam bire indirildi ve kameraman de\u011fil m\u00fcmk\u00fcnse y\u00f6netici d\u00fczeyinde kat\u0131l\u0131m istendi.<\/h4>\n<h4>3 May\u0131s Cumartesi g\u00fcnk\u00fc a\u00e7\u0131l\u0131\u015fta, t\u00fcm g\u00f6r\u00fcnt\u00fcler Anadolu Ajans\u0131 veya TRT \u00fczerinden verildi ve medyam\u0131z\u0131n diledi\u011fi gibi g\u00f6r\u00fcnt\u00fc al\u0131p haber yapmas\u0131n\u0131n \u00f6n\u00fcne ge\u00e7ilmi\u015f oldu.<\/h4>\n<h4>Gazeteciler Birli\u011fi olarak, ev sahibi oldu\u011fumuz bir a\u00e7\u0131l\u0131\u015fta K\u0131br\u0131s T\u00fcrk medyas\u0131n\u0131n haber alma ve verme \u00f6zg\u00fcrl\u00fc\u011f\u00fcn\u00fcn engellenmesinin hi\u00e7bir kabul edilebilir \u00f6zr\u00fc olmad\u0131\u011f\u0131n\u0131 vurgularken Cumhurba\u015fkanl\u0131\u011f\u0131&#8217;n\u0131n bu tutumunu protesto eder, k\u0131nar\u0131z.<\/h4>\n<h4>Bas\u0131n\u0131n d\u0131\u015fland\u0131\u011f\u0131, \u015feffafl\u0131ktan ve kat\u0131l\u0131mc\u0131l\u0131ktan uzak bu yakla\u015f\u0131m, demokrasiden nasibini almam\u0131\u015f bir zihniyetin \u00fcr\u00fcn\u00fcd\u00fcr.<\/h4>\n<h4>K\u0131br\u0131s T\u00fcrk Gazeteciler Birli\u011fi Y\u00f6netim Kurulu olarak bu ay\u0131b\u0131 tarihe not d\u00fc\u015fmek i\u00e7in \u00fcyelerimizi Meclis a\u00e7\u0131l\u0131\u015f resepsiyonunu boykot etmeye \u00e7a\u011f\u0131r\u0131r\u0131z.<\/h4>\n","protected":false},"excerpt":{"rendered":"<p>Yeni Cumhurba\u015fkanl\u0131\u011f\u0131 ve Cumhuriyet Meclisi yerle\u015fkesi &#8211; \u201cK\u00fclliye\u201dnin \u2014 a\u00e7\u0131l\u0131\u015f t\u00f6reninde K\u0131br\u0131s T\u00fcrk bas\u0131n\u0131na ayr\u0131mc\u0131l\u0131k ve sayg\u0131s\u0131zl\u0131k yap\u0131lm\u0131\u015ft\u0131r. 3 May\u0131s D\u00fcnya Bas\u0131n \u00d6zg\u00fcrl\u00fc\u011f\u00fc G\u00fcn\u00fc\u2019nde sergilenen bu<span class=\"excerpt-hellip\"> [\u2026]<\/span><\/p>\n","protected":false},"author":2,"featured_media":3560,"comment_status":"closed","ping_status":"closed","sticky":false,"template":"","format":"standard","meta":{"footnotes":""},"categories":[28,1,15],"tags":[],"_links":{"self":[{"href":"https:\/\/gazetecilerbirligi.com\/index.php?rest_route=\/wp\/v2\/posts\/3906"}],"collection":[{"href":"https:\/\/gazetecilerbirligi.com\/index.php?rest_route=\/wp\/v2\/posts"}],"about":[{"href":"https:\/\/gazetecilerbirligi.com\/index.php?rest_route=\/wp\/v2\/types\/post"}],"author":[{"embeddable":true,"href":"https:\/\/gazetecilerbirligi.com\/index.php?rest_route=\/wp\/v2\/users\/2"}],"replies":[{"embeddable":true,"href":"https:\/\/gazetecilerbirligi.com\/index.php?rest_route=%2Fwp%2Fv2%2Fcomments&post=3906"}],"version-history":[{"count":1,"href":"https:\/\/gazetecilerbirligi.com\/index.php?rest_route=\/wp\/v2\/posts\/3906\/revisions"}],"predecessor-version":[{"id":3907,"href":"https:\/\/gazetecilerbirligi.com\/index.php?rest_route=\/wp\/v2\/posts\/3906\/revisions\/3907"}],"wp:featuredmedia":[{"embeddable":true,"href":"https:\/\/gazetecilerbirligi.com\/index.php?rest_route=\/wp\/v2\/media\/3560"}],"wp:attachment":[{"href":"https:\/\/gazetecilerbirligi.com\/index.php?rest_route=%2Fwp%2Fv2%2Fmedia&parent=3906"}],"wp:term":[{"taxonomy":"category","embeddable":true,"href":"https:\/\/gazetecilerbirligi.com\/index.php?rest_route=%2Fwp%2Fv2%2Fcategories&post=3906"},{"taxonomy":"post_tag","embeddable":true,"href":"https:\/\/gazetecilerbirligi.com\/index.php?rest_route=%2Fwp%2Fv2%2Ftags&post=3906"}],"curies":[{"name":"wp","href":"https:\/\/api.w.org\/{rel}","templated":true}]}}