{"id":3881,"date":"2025-03-26T17:21:29","date_gmt":"2025-03-26T15:21:29","guid":{"rendered":"https:\/\/gazetecilerbirligi.com\/?p=3881"},"modified":"2025-03-26T17:21:29","modified_gmt":"2025-03-26T15:21:29","slug":"avrupa-birligi-burs-programi-gazeteciler-birliginde-tanitildi","status":"publish","type":"post","link":"https:\/\/gazetecilerbirligi.com\/?p=3881","title":{"rendered":"Avrupa Birli\u011fi Burs Program\u0131 Gazeteciler Birli\u011fi\u2019nde Tan\u0131t\u0131ld\u0131"},"content":{"rendered":"<h4>Avrupa Birli\u011fi Burs Program\u0131, 25 Mart 2025 Sal\u0131 g\u00fcn\u00fc K\u0131br\u0131s T\u00fcrk Gazeteciler Birli\u011fi konferans salonunda d\u00fczenlenen bilgilendirme toplant\u0131s\u0131yla tan\u0131t\u0131ld\u0131. Etkinlik, birlik \u00fcyeleri ve ilgilenen kat\u0131l\u0131mc\u0131lar\u0131n kat\u0131l\u0131m\u0131yla ger\u00e7ekle\u015fti.<\/h4>\n<h4>Toplant\u0131da, AB Burs Program\u0131 Koordinat\u00f6rleri Fato\u015f Yang\u0131n ve Bekir Okalper, kat\u0131l\u0131mc\u0131lara 2025\/26 Akademik Y\u0131l\u0131 burs \u00e7a\u011fr\u0131s\u0131 hakk\u0131nda kapsaml\u0131 bilgiler sundu. Sunumda burs program\u0131n\u0131n ba\u015fvuru ko\u015fullar\u0131, de\u011ferlendirme s\u00fcreci ve ge\u00e7mi\u015f d\u00f6nem ba\u015far\u0131 hik\u00e2yelerine de yer verildi.<\/h4>\n<h4>K\u0131br\u0131sl\u0131 T\u00fcrkler i\u00e7in Avrupa Birli\u011fi taraf\u0131ndan finanse edilen ve Haziran 2022\u2019den itibaren Goethe-Institut taraf\u0131ndan y\u00fcr\u00fct\u00fclen program, 2007 y\u0131l\u0131ndan bu yana 2.300\u2019\u00fcn \u00fczerinde \u00f6\u011frenci ve profesyonele toplamda 43 milyon Euro\u2019yu a\u015fk\u0131n burs deste\u011fi sa\u011flayarak Avrupa\u2019daki e\u011fitim ve geli\u015fim f\u0131rsatlar\u0131na kap\u0131 aralad\u0131.<\/h4>\n<h4>AB Burs Program\u0131, \u00fc\u00e7 ana kategori alt\u0131nda burs imk\u00e2n\u0131 sunuyor:<br \/>\n\u2022 Lisans \u00f6ncesi ve Lisans E\u011fitim Programlar\u0131<br \/>\n\u2022 Lisans\u00fcst\u00fc E\u011fitim Programlar\u0131<br \/>\n\u2022 K\u0131sa D\u00f6nemli E\u011fitim Programlar\u0131 (mesleki e\u011fitim\/staj, ara\u015ft\u0131rma ve doktora sonras\u0131 e\u011fitim,Herhangi bir Avrupa Birli\u011fi resmi dilinde dil e\u011fitimi)<\/h4>\n<h4><strong>2025\/26 akademik y\u0131l\u0131 i\u00e7in ba\u015fvurular, 2 Nisan 2025 tarihinde sona erecek.<\/strong><\/h4>\n<h4> Detayl\u0131 bilgi ve ba\u015fvuru i\u00e7in:\u00a0<a href=\"http:\/\/www.euburs.eu\/\">www.euburs.eu<\/a>\u00a0adresini ziyaret edebilirsiniz.<\/h4>\n<h4><\/h4>\n<h4><\/h4>\n","protected":false},"excerpt":{"rendered":"<p>Avrupa Birli\u011fi Burs Program\u0131, 25 Mart 2025 Sal\u0131 g\u00fcn\u00fc K\u0131br\u0131s T\u00fcrk Gazeteciler Birli\u011fi konferans salonunda d\u00fczenlenen bilgilendirme toplant\u0131s\u0131yla tan\u0131t\u0131ld\u0131. Etkinlik, birlik \u00fcyeleri ve ilgilenen kat\u0131l\u0131mc\u0131lar\u0131n kat\u0131l\u0131m\u0131yla<span class=\"excerpt-hellip\"> [\u2026]<\/span><\/p>\n","protected":false},"author":2,"featured_media":3882,"comment_status":"closed","ping_status":"closed","sticky":false,"template":"","format":"standard","meta":{"footnotes":""},"categories":[28,1,15],"tags":[],"_links":{"self":[{"href":"https:\/\/gazetecilerbirligi.com\/index.php?rest_route=\/wp\/v2\/posts\/3881"}],"collection":[{"href":"https:\/\/gazetecilerbirligi.com\/index.php?rest_route=\/wp\/v2\/posts"}],"about":[{"href":"https:\/\/gazetecilerbirligi.com\/index.php?rest_route=\/wp\/v2\/types\/post"}],"author":[{"embeddable":true,"href":"https:\/\/gazetecilerbirligi.com\/index.php?rest_route=\/wp\/v2\/users\/2"}],"replies":[{"embeddable":true,"href":"https:\/\/gazetecilerbirligi.com\/index.php?rest_route=%2Fwp%2Fv2%2Fcomments&post=3881"}],"version-history":[{"count":1,"href":"https:\/\/gazetecilerbirligi.com\/index.php?rest_route=\/wp\/v2\/posts\/3881\/revisions"}],"predecessor-version":[{"id":3883,"href":"https:\/\/gazetecilerbirligi.com\/index.php?rest_route=\/wp\/v2\/posts\/3881\/revisions\/3883"}],"wp:featuredmedia":[{"embeddable":true,"href":"https:\/\/gazetecilerbirligi.com\/index.php?rest_route=\/wp\/v2\/media\/3882"}],"wp:attachment":[{"href":"https:\/\/gazetecilerbirligi.com\/index.php?rest_route=%2Fwp%2Fv2%2Fmedia&parent=3881"}],"wp:term":[{"taxonomy":"category","embeddable":true,"href":"https:\/\/gazetecilerbirligi.com\/index.php?rest_route=%2Fwp%2Fv2%2Fcategories&post=3881"},{"taxonomy":"post_tag","embeddable":true,"href":"https:\/\/gazetecilerbirligi.com\/index.php?rest_route=%2Fwp%2Fv2%2Ftags&post=3881"}],"curies":[{"name":"wp","href":"https:\/\/api.w.org\/{rel}","templated":true}]}}