{"id":3872,"date":"2025-03-20T16:39:33","date_gmt":"2025-03-20T14:39:33","guid":{"rendered":"https:\/\/gazetecilerbirligi.com\/?p=3872"},"modified":"2025-03-20T16:39:33","modified_gmt":"2025-03-20T14:39:33","slug":"devrim-demire-yonelik-saldiri-nedeniyle-mahkeme-onunde-aciklama-yapildi","status":"publish","type":"post","link":"https:\/\/gazetecilerbirligi.com\/?p=3872","title":{"rendered":"Devrim Demir&#8217;e Y\u00f6nelik Sald\u0131r\u0131 Nedeniyle Mahkeme \u00d6n\u00fcnde A\u00e7\u0131klama Yap\u0131ld\u0131"},"content":{"rendered":"<div class=\"news-copy\">\n<h4>K\u0131br\u0131s T\u00fcrk Gazeteciler Birli\u011fi (KTGB), Gazeteci Devrim Demir\u2019e y\u00f6nelik sald\u0131r\u0131 nedeniyle Girne Kaza Mahkemesi \u00f6n\u00fcnde bas\u0131n a\u00e7\u0131klamas\u0131 yapt\u0131. Bas\u0131n a\u00e7\u0131klamas\u0131nda, Gazeteci Devrim Demir de yer ald\u0131.<\/h4>\n<h4>Birlik Ba\u015fkan\u0131 Efdal Keser konu\u015fmas\u0131na, \u201cBug\u00fcn burada \u00fcz\u00fcc\u00fc, \u00fcz\u00fcc\u00fc oldu\u011fu kadar da sinir bozucu bir olay i\u00e7in topland\u0131k\u201d diyerek, ba\u015flad\u0131.<\/h4>\n<h4>\u00dclkede yedi g\u00fcn yirmi d\u00f6rt saat esas\u0131na g\u00f6re \u00e7al\u0131\u015fan ancak eme\u011fi en ucuz olan fikir i\u015f\u00e7ilerinin gazeteciler oldu\u011funu kaydeden Keser, gazetecilerin, en korumas\u0131z sekt\u00f6rde \u00e7al\u0131\u015ft\u0131klar\u0131n\u0131 belirtti. Keser \u015f\u00f6yle konu\u015ftu:<\/h4>\n<h4>\u201cBiz gazeteciler yolsuzluklar\u0131n \u00fczerine gidiyoruz, yolsuzluklar\u0131n \u00fczerine gitti\u011fimiz i\u00e7in su\u00e7lu say\u0131l\u0131yoruz. H\u0131rs\u0131zlar\u0131n \u00fczerine gidiyoruz, h\u0131rs\u0131zlar\u0131 a\u00e7\u0131\u011fa \u00e7\u0131kard\u0131\u011f\u0131m\u0131z i\u00e7in su\u00e7lu say\u0131l\u0131yoruz. Tacizcileri, tecav\u00fczc\u00fcleri te\u015fhir ediyoruz, temiz bir toplum yaratmak i\u00e7in ama yine su\u00e7lu biz oluyoruz. S\u00f6zl\u00fc, fiziksel sald\u0131r\u0131lara maruz kal\u0131yoruz.\u201d<\/h4>\n<h4>D\u00fcn bunun bir benzerini gazeteci Devrim Demir\u2019in ya\u015fad\u0131\u011f\u0131n\u0131 dile getiren Efdal Keser, \u201cUmar\u0131m bu olay son olur \u00e7\u00fcnk\u00fc biz bu i\u015fin pe\u015fini b\u0131rakmayaca\u011f\u0131z\u201d dedi. Bu konuyu yetkili makamlarla, en \u00fcst d\u00fczeyde konu\u015facaklar\u0131n\u0131 ifade eden Keser, olay\u0131n \u00f6rtbas edilmesinin \u00f6n\u00fcne ge\u00e7mek istediklerini s\u00f6yledi.<\/h4>\n<h4><strong>&#8220;BASIN H\u00dcR VE \u00d6ZG\u00dcR \u015eEK\u0130LDE G\u00d6REV\u0130N\u0130 YAPMALI&#8221;<\/strong><\/h4>\n<h4>\u201cSusmayaca\u011f\u0131z, susturulmak istenirsek e\u011fer en sert \u015fekilde tepki g\u00f6sterece\u011fiz\u201d diyen Keser, temiz bir toplum yaratmak i\u00e7in bas\u0131n\u0131n h\u00fcr ve \u00f6zg\u00fcr bir \u015fekilde g\u00f6revini yapabilmesi gerekti\u011fini kaydetti.<\/h4>\n<h4>Olay\u0131n burada bitmeyece\u011fini ifade eden Keser, Polis Genel M\u00fcd\u00fcrl\u00fc\u011f\u00fc\u2019nden, yarg\u0131dan, yasa yap\u0131c\u0131lardan konuyla ilgili randevu al\u0131p, g\u00f6r\u00fc\u015feceklerini s\u00f6yledi.<\/h4>\n<h4>Birlik Ba\u015fkan\u0131 Keser, \u201cBu olay bu kadar basit de\u011fildir. Biz bu kadar korumas\u0131z ve savunmas\u0131z de\u011filiz. Bizi koruyanlar, savunanlar var. Biz g\u00fcc\u00fcm\u00fcz\u00fc halktan al\u0131yoruz\u201d dedi.<\/h4>\n<h4>Gazeteci Devrim Demir, Girne A\u011f\u0131r Ceza Mahkemesinde, tecav\u00fcz su\u00e7undan mahkum olan san\u0131k yak\u0131nlar\u0131 taraf\u0131ndan sald\u0131r\u0131ya u\u011fram\u0131\u015ft\u0131.<\/h4>\n<\/div>\n","protected":false},"excerpt":{"rendered":"<p>K\u0131br\u0131s T\u00fcrk Gazeteciler Birli\u011fi (KTGB), Gazeteci Devrim Demir\u2019e y\u00f6nelik sald\u0131r\u0131 nedeniyle Girne Kaza Mahkemesi \u00f6n\u00fcnde bas\u0131n a\u00e7\u0131klamas\u0131 yapt\u0131. Bas\u0131n a\u00e7\u0131klamas\u0131nda, Gazeteci Devrim Demir de yer ald\u0131.<span class=\"excerpt-hellip\"> [\u2026]<\/span><\/p>\n","protected":false},"author":2,"featured_media":3559,"comment_status":"closed","ping_status":"closed","sticky":false,"template":"","format":"standard","meta":{"footnotes":""},"categories":[28,1,15],"tags":[],"_links":{"self":[{"href":"https:\/\/gazetecilerbirligi.com\/index.php?rest_route=\/wp\/v2\/posts\/3872"}],"collection":[{"href":"https:\/\/gazetecilerbirligi.com\/index.php?rest_route=\/wp\/v2\/posts"}],"about":[{"href":"https:\/\/gazetecilerbirligi.com\/index.php?rest_route=\/wp\/v2\/types\/post"}],"author":[{"embeddable":true,"href":"https:\/\/gazetecilerbirligi.com\/index.php?rest_route=\/wp\/v2\/users\/2"}],"replies":[{"embeddable":true,"href":"https:\/\/gazetecilerbirligi.com\/index.php?rest_route=%2Fwp%2Fv2%2Fcomments&post=3872"}],"version-history":[{"count":1,"href":"https:\/\/gazetecilerbirligi.com\/index.php?rest_route=\/wp\/v2\/posts\/3872\/revisions"}],"predecessor-version":[{"id":3873,"href":"https:\/\/gazetecilerbirligi.com\/index.php?rest_route=\/wp\/v2\/posts\/3872\/revisions\/3873"}],"wp:featuredmedia":[{"embeddable":true,"href":"https:\/\/gazetecilerbirligi.com\/index.php?rest_route=\/wp\/v2\/media\/3559"}],"wp:attachment":[{"href":"https:\/\/gazetecilerbirligi.com\/index.php?rest_route=%2Fwp%2Fv2%2Fmedia&parent=3872"}],"wp:term":[{"taxonomy":"category","embeddable":true,"href":"https:\/\/gazetecilerbirligi.com\/index.php?rest_route=%2Fwp%2Fv2%2Fcategories&post=3872"},{"taxonomy":"post_tag","embeddable":true,"href":"https:\/\/gazetecilerbirligi.com\/index.php?rest_route=%2Fwp%2Fv2%2Ftags&post=3872"}],"curies":[{"name":"wp","href":"https:\/\/api.w.org\/{rel}","templated":true}]}}