{"id":3853,"date":"2024-12-05T10:49:42","date_gmt":"2024-12-05T08:49:42","guid":{"rendered":"https:\/\/gazetecilerbirligi.com\/?p=3853"},"modified":"2024-12-05T10:49:42","modified_gmt":"2024-12-05T08:49:42","slug":"gazeteciler-dusunce-ve-ifade-ozgurlugune-sahip-cikmak-icin-yeniden-mahkemede-bulusuyor","status":"publish","type":"post","link":"https:\/\/gazetecilerbirligi.com\/?p=3853","title":{"rendered":"Gazeteciler D\u00fc\u015f\u00fcnce ve \u0130fade \u00d6zg\u00fcrl\u00fc\u011f\u00fcne Sahip \u00c7\u0131kmak i\u00e7in Yeniden Mahkemede Bulu\u015fuyor!"},"content":{"rendered":"<h4>Ali Ki\u015fmir davas\u0131, d\u00fc\u015f\u00fcnce ve ifade \u00f6zg\u00fcrl\u00fc\u011f\u00fc a\u00e7\u0131s\u0131ndan \u00fclkemizde kritik bir d\u00f6neme\u00e7tir.<\/h4>\n<h4>10 y\u0131la kadar hapis cezas\u0131 istemiyle yarg\u0131lanan Bas\u0131n-Sen Ba\u015fkan\u0131 Gazeteci Ali Ki\u015fmir, yaln\u0131zca gazetecilik mesle\u011finin gere\u011fini yerine getirmi\u015f; halk\u0131n haber alma hakk\u0131n\u0131 savunarak fikirlerini ifade etmi\u015ftir.<\/h4>\n<h4>Yarg\u0131 s\u00fcrecinde, su\u00e7lamalar\u0131n dayand\u0131r\u0131ld\u0131\u011f\u0131 yasal zeminin mu\u011flakl\u0131\u011f\u0131 ve s\u00fcrecin keyfili\u011fi, modern hukukun evrensel prensipleriyle ba\u011fda\u015fmamaktad\u0131r.<\/h4>\n<h4>Gazeteciler susturulmaya \u00e7al\u0131\u015f\u0131ld\u0131\u011f\u0131nda, toplumun sesi de k\u0131s\u0131lm\u0131\u015f olur. Bu durum, ifade \u00f6zg\u00fcrl\u00fc\u011f\u00fcn\u00fc ve bas\u0131n\u0131n ba\u011f\u0131ms\u0131zl\u0131\u011f\u0131n\u0131 tehdit ederken, K\u0131br\u0131sl\u0131 T\u00fcrklerin demokratik haklar\u0131na da zarar vermektedir.<\/h4>\n<h4>Bu \u00f6nemli davada yeni tan\u0131klar\u0131n dinlenece\u011fi duru\u015fma, yar\u0131n (6 Aral\u0131k) saat 10.00\u2019da Lefko\u015fa Kaza Mahkemesi\u2019nde ger\u00e7ekle\u015fecektir.<\/h4>\n<h4>Halk\u0131n haber alma hakk\u0131n\u0131, ifade \u00f6zg\u00fcrl\u00fc\u011f\u00fcn\u00fc ve adaleti savunmak i\u00e7in t\u00fcm yurtta\u015flar\u0131 yar\u0131n mahkeme salonuna davet ediyoruz.<\/h4>\n<h4>Gelin, d\u00fc\u015f\u00fcnce ve ifade \u00f6zg\u00fcrl\u00fc\u011f\u00fcne sahip \u00e7\u0131kal\u0131m!<\/h4>\n<h4>Sayg\u0131lar\u0131m\u0131zla<\/h4>\n<h4>Bas\u0131n Emek\u00e7ileri Sendikas\u0131<\/h4>\n<h4>K\u0131br\u0131s T\u00fcrk Gazeteciler\u00a0Birli\u011fi<\/h4>\n","protected":false},"excerpt":{"rendered":"<p>Ali Ki\u015fmir davas\u0131, d\u00fc\u015f\u00fcnce ve ifade \u00f6zg\u00fcrl\u00fc\u011f\u00fc a\u00e7\u0131s\u0131ndan \u00fclkemizde kritik bir d\u00f6neme\u00e7tir. 10 y\u0131la kadar hapis cezas\u0131 istemiyle yarg\u0131lanan Bas\u0131n-Sen Ba\u015fkan\u0131 Gazeteci Ali Ki\u015fmir, yaln\u0131zca gazetecilik<span class=\"excerpt-hellip\"> [\u2026]<\/span><\/p>\n","protected":false},"author":2,"featured_media":3854,"comment_status":"closed","ping_status":"closed","sticky":false,"template":"","format":"standard","meta":{"footnotes":""},"categories":[28,1,15],"tags":[],"_links":{"self":[{"href":"https:\/\/gazetecilerbirligi.com\/index.php?rest_route=\/wp\/v2\/posts\/3853"}],"collection":[{"href":"https:\/\/gazetecilerbirligi.com\/index.php?rest_route=\/wp\/v2\/posts"}],"about":[{"href":"https:\/\/gazetecilerbirligi.com\/index.php?rest_route=\/wp\/v2\/types\/post"}],"author":[{"embeddable":true,"href":"https:\/\/gazetecilerbirligi.com\/index.php?rest_route=\/wp\/v2\/users\/2"}],"replies":[{"embeddable":true,"href":"https:\/\/gazetecilerbirligi.com\/index.php?rest_route=%2Fwp%2Fv2%2Fcomments&post=3853"}],"version-history":[{"count":1,"href":"https:\/\/gazetecilerbirligi.com\/index.php?rest_route=\/wp\/v2\/posts\/3853\/revisions"}],"predecessor-version":[{"id":3855,"href":"https:\/\/gazetecilerbirligi.com\/index.php?rest_route=\/wp\/v2\/posts\/3853\/revisions\/3855"}],"wp:featuredmedia":[{"embeddable":true,"href":"https:\/\/gazetecilerbirligi.com\/index.php?rest_route=\/wp\/v2\/media\/3854"}],"wp:attachment":[{"href":"https:\/\/gazetecilerbirligi.com\/index.php?rest_route=%2Fwp%2Fv2%2Fmedia&parent=3853"}],"wp:term":[{"taxonomy":"category","embeddable":true,"href":"https:\/\/gazetecilerbirligi.com\/index.php?rest_route=%2Fwp%2Fv2%2Fcategories&post=3853"},{"taxonomy":"post_tag","embeddable":true,"href":"https:\/\/gazetecilerbirligi.com\/index.php?rest_route=%2Fwp%2Fv2%2Ftags&post=3853"}],"curies":[{"name":"wp","href":"https:\/\/api.w.org\/{rel}","templated":true}]}}