{"id":3770,"date":"2024-05-03T09:48:07","date_gmt":"2024-05-03T07:48:07","guid":{"rendered":"https:\/\/gazetecilerbirligi.com\/?p=3770"},"modified":"2024-05-03T09:48:07","modified_gmt":"2024-05-03T07:48:07","slug":"basin-aciklamasi-6","status":"publish","type":"post","link":"https:\/\/gazetecilerbirligi.com\/?p=3770","title":{"rendered":"Bas\u0131n A\u00e7\u0131klamas\u0131"},"content":{"rendered":"<h4>Bayrak Radyo Televizyon Kurumu Yasas\u0131\u2019na g\u00f6re Y\u00f6netim Kurulu \u00fcyeleri 3 y\u0131l s\u00fcre ile se\u00e7ilmekte\/atanmaktad\u0131r.<\/h4>\n<h4>Bakanlar Kurulu taraf\u0131ndan atanan iki \u00fcyenin g\u00f6rev s\u00fcreleri tamamlanm\u0131\u015f bulunmaktad\u0131r.<\/h4>\n<h4>Bakanlar Kurulu hen\u00fcz yeni Y\u00f6netim Kurulu \u00fcyelerini atamam\u0131\u015ft\u0131r.<\/h4>\n<h4>BRTK Yasas\u0131\u2019nda b\u00f6yle bir durumda eski temsilcilerin g\u00f6revlerine devam edebilece\u011fi y\u00f6n\u00fcnde bir d\u00fczenleme bulunmamaktad\u0131r.<\/h4>\n<h4>Hal b\u00f6yleyken BRTK Y\u00f6netim Kurulu\u2019nun g\u00f6rev s\u00fcreleri dolmu\u015f \u00fcyelerle toplan\u0131p karar almas\u0131 hukuksal anlamda \u015faibeli ve tart\u0131\u015fmaya a\u00e7\u0131k bir sonuca neden olmaktad\u0131r.<\/h4>\n<h4>K\u0131br\u0131s T\u00fcrk Gazeteciler Birli\u011fi, hukuksal anlamda b\u00f6ylesi bir yap\u0131da yer almamak i\u00e7in Bakanlar Kurulu yeni BRTK Y\u00f6netim Kurulu \u00fcyelerini atayana kadar KTGB Y\u00f6netim Kurulu \u00fcyesinin toplant\u0131lara kat\u0131lmamas\u0131 y\u00f6n\u00fcnde karar \u00fcretmi\u015ftir.<\/h4>\n<h4>G\u00f6rev s\u00fcresi sona eren \u00fcyelerin \u00fcretti\u011fi yasa d\u0131\u015f\u0131 kararlardan Bakanlar Kurulu\u2019nun sorumlu oldu\u011funu hat\u0131rlat\u0131r, Bakanlar Kurulu\u2019nu bir an \u00f6nce yasan\u0131n gere\u011fini yerine getirmeye davet ediyoruz.<\/h4>\n<h4>Kamuoyuna duyurulur.<\/h4>\n<h4>KTGB Y\u00f6netim Kurulu<\/h4>\n","protected":false},"excerpt":{"rendered":"<p>Bayrak Radyo Televizyon Kurumu Yasas\u0131\u2019na g\u00f6re Y\u00f6netim Kurulu \u00fcyeleri 3 y\u0131l s\u00fcre ile se\u00e7ilmekte\/atanmaktad\u0131r. Bakanlar Kurulu taraf\u0131ndan atanan iki \u00fcyenin g\u00f6rev s\u00fcreleri tamamlanm\u0131\u015f bulunmaktad\u0131r. Bakanlar Kurulu<span class=\"excerpt-hellip\"> [\u2026]<\/span><\/p>\n","protected":false},"author":2,"featured_media":3560,"comment_status":"closed","ping_status":"closed","sticky":false,"template":"","format":"standard","meta":{"footnotes":""},"categories":[28,1,15],"tags":[],"_links":{"self":[{"href":"https:\/\/gazetecilerbirligi.com\/index.php?rest_route=\/wp\/v2\/posts\/3770"}],"collection":[{"href":"https:\/\/gazetecilerbirligi.com\/index.php?rest_route=\/wp\/v2\/posts"}],"about":[{"href":"https:\/\/gazetecilerbirligi.com\/index.php?rest_route=\/wp\/v2\/types\/post"}],"author":[{"embeddable":true,"href":"https:\/\/gazetecilerbirligi.com\/index.php?rest_route=\/wp\/v2\/users\/2"}],"replies":[{"embeddable":true,"href":"https:\/\/gazetecilerbirligi.com\/index.php?rest_route=%2Fwp%2Fv2%2Fcomments&post=3770"}],"version-history":[{"count":1,"href":"https:\/\/gazetecilerbirligi.com\/index.php?rest_route=\/wp\/v2\/posts\/3770\/revisions"}],"predecessor-version":[{"id":3771,"href":"https:\/\/gazetecilerbirligi.com\/index.php?rest_route=\/wp\/v2\/posts\/3770\/revisions\/3771"}],"wp:featuredmedia":[{"embeddable":true,"href":"https:\/\/gazetecilerbirligi.com\/index.php?rest_route=\/wp\/v2\/media\/3560"}],"wp:attachment":[{"href":"https:\/\/gazetecilerbirligi.com\/index.php?rest_route=%2Fwp%2Fv2%2Fmedia&parent=3770"}],"wp:term":[{"taxonomy":"category","embeddable":true,"href":"https:\/\/gazetecilerbirligi.com\/index.php?rest_route=%2Fwp%2Fv2%2Fcategories&post=3770"},{"taxonomy":"post_tag","embeddable":true,"href":"https:\/\/gazetecilerbirligi.com\/index.php?rest_route=%2Fwp%2Fv2%2Ftags&post=3770"}],"curies":[{"name":"wp","href":"https:\/\/api.w.org\/{rel}","templated":true}]}}