{"id":3753,"date":"2024-04-25T12:57:07","date_gmt":"2024-04-25T10:57:07","guid":{"rendered":"https:\/\/gazetecilerbirligi.com\/?p=3753"},"modified":"2024-04-25T12:58:48","modified_gmt":"2024-04-25T10:58:48","slug":"gazeteci-dogrusoz-olumunun-4uncu-yil-donumunde-anildi","status":"publish","type":"post","link":"https:\/\/gazetecilerbirligi.com\/?p=3753","title":{"rendered":"Gazeteci Do\u011frus\u00f6z, \u00d6l\u00fcm\u00fcn\u00fcn 4\u2019\u00fcnc\u00fc Y\u0131l D\u00f6n\u00fcm\u00fcnde An\u0131ld\u0131"},"content":{"rendered":"<h4>*Baturay: \u201cMeslekta\u015flar\u0131m\u0131za tavsiyem, medyam\u0131za mal olmu\u015f insanlar\u0131 unutmayal\u0131m, anal\u0131m\u201d<br \/>\n*Cemal: \u201cYaz\u0131lar\u0131nda ayr\u0131 bir \u00f6zellik vard\u0131. Kendine has \u00fcslubuyla yazarken birtak\u0131m mesajlar verirdi\u201d<\/h4>\n<h4>Gazeteci- yazar Mustafa Do\u011frus\u00f6z, d\u00f6rd\u00fcnc\u00fc \u00f6l\u00fcm y\u0131l d\u00f6n\u00fcm\u00fcnde bug\u00fcn d\u00fczenlenen t\u00f6renle an\u0131ld\u0131.<br \/>\nLefko\u015fa Mezarl\u0131\u011f\u0131\u2019ndaki t\u00f6rene, bir d\u00f6nem ba\u015fkanl\u0131\u011f\u0131n\u0131 da yapt\u0131\u011f\u0131 K\u0131br\u0131s T\u00fcrk Gazeteciler Birli\u011fi Y\u00f6netim Kurulu \u00fcyeleri, gazeteciler, ailesi ve arkada\u015flar\u0131 kat\u0131ld\u0131.<br \/>\nGazeteci Ali Baturay ve Akay Cemal\u2019in konu\u015fma yapt\u0131\u011f\u0131 t\u00f6rende, Do\u011frus\u00f6z\u2019\u00fcn kabrine \u00e7elenk ve \u00e7i\u00e7ekler b\u0131rak\u0131ld\u0131 ve dua edildi.<br \/>\n-Baturay: \u201cK\u0131br\u0131s T\u00fcrk medyas\u0131nda onu sevmeyen yoktur\u201d<\/h4>\n<h4>Gazeteci Baturay, birlikte uzun y\u0131llarca \u00e7al\u0131\u015ft\u0131\u011f\u0131 Mustafa Do\u011frus\u00f6z\u2019\u00fcn K\u0131br\u0131s T\u00fcrk medyas\u0131na mal olmu\u015f bir isim oldu\u011funu ifade ederek unutulmamas\u0131, an\u0131lmas\u0131 gerekti\u011fini vurgulad\u0131.<\/h4>\n<p><img decoding=\"async\" loading=\"lazy\" class=\"alignnone  wp-image-3757\" src=\"https:\/\/gazetecilerbirligi.com\/wp-content\/uploads\/2024\/04\/4-300x300.jpg\" alt=\"\" width=\"551\" height=\"551\" srcset=\"https:\/\/gazetecilerbirligi.com\/wp-content\/uploads\/2024\/04\/4-300x300.jpg 300w, https:\/\/gazetecilerbirligi.com\/wp-content\/uploads\/2024\/04\/4-1024x1024.jpg 1024w, https:\/\/gazetecilerbirligi.com\/wp-content\/uploads\/2024\/04\/4-150x150.jpg 150w, https:\/\/gazetecilerbirligi.com\/wp-content\/uploads\/2024\/04\/4-768x768.jpg 768w, https:\/\/gazetecilerbirligi.com\/wp-content\/uploads\/2024\/04\/4-85x85.jpg 85w, https:\/\/gazetecilerbirligi.com\/wp-content\/uploads\/2024\/04\/4-80x80.jpg 80w\" sizes=\"(max-width: 551px) 100vw, 551px\" \/><\/p>\n<h4>Do\u011frus\u00f6z\u2019\u00fcn \u00e7ok m\u00fctevaz\u0131 bir insan oldu\u011funu ve bu \u00f6zelli\u011fini hangi makamda olursa olsun korudu\u011funu, makam\u0131n\u0131 bir yerlere gelmek, bir \u015fey elde etmek i\u00e7in hi\u00e7 kullanmad\u0131\u011f\u0131n\u0131 vurgulayan Baturay, \u201cBir m\u00fcd\u00fcr gibi de\u011fil bir abi gibi, \u00f6\u011fretici oldu. K\u0131br\u0131s T\u00fcrk medyas\u0131nda onu sevmeyen yoktur, \u00e7\u00fcnk\u00fc herkese sevgiyle yakla\u015fm\u0131\u015ft\u0131r\u201d dedi.<\/h4>\n<h4>Ali Baturay, Do\u011frus\u00f6z\u2019\u00fcn esprili ve taklit yetene\u011fi g\u00fc\u00e7l\u00fc bir insan oldu\u011funu ifade ederek, \u201c\u00c7ok iyi g\u00f6zlem yapan biriydi. Bazen bizim g\u00f6remedi\u011fimiz \u015feyleri bize s\u00f6yledi\u011finde hayret ederdik. Gazetecilikte de \u00f6yleydi, bizim g\u00f6remedi\u011fimiz \u015feyleri g\u00f6r\u00fcrd\u00fc\u201d diye konu\u015ftu.<\/h4>\n<h4>T\u00fcrk Sanat M\u00fczi\u011fi ve \u015fiir sever olan Do\u011frus\u00f6z\u2019\u00fcn kendisine okunacak kitaplarla ilgili tavsiyelerde bulundu\u011funu belirterek an\u0131lar\u0131ndan s\u00f6z eden Baturay, att\u0131\u011f\u0131 haber ba\u015fl\u0131klar\u0131n\u0131n ve sohbetinin de g\u00fczel oldu\u011funu kaydetti.<\/h4>\n<h4>\u201cK\u0131br\u0131s\u2019\u0131 ve Lefko\u015fa\u2019y\u0131 \u00e7ok severdi, Lefko\u015fa\u2019y\u0131 \u00e7ok iyi bilirdi. Mustafa Abi, K\u0131br\u0131s\u2019a, ge\u00e7mi\u015fe dair \u00e7ok \u015fey bilirdi. Onunla birlikte olmak insana g\u00fcven verirdi. Herkesi, her b\u00f6lgeyi tan\u0131r, an\u0131lar\u0131n\u0131 payla\u015f\u0131rd\u0131\u201d diyen Baturay, \u201cMeslekta\u015flar\u0131m\u0131za tavsiyem, medyam\u0131za mal olmu\u015f insanlar\u0131 unutmayal\u0131m, anal\u0131m. Onlar\u0131n \u00e7ok g\u00f6r\u00fcnmeyen ama \u00fclkeye ve medyam\u0131za \u00e7ok katk\u0131lar\u0131 var, sayg\u0131yla an\u0131yoruz\u201d ifadelerini kulland\u0131.<\/h4>\n<h4>&#8211; Cemal: \u201cYaz\u0131lar\u0131nda d\u00fc\u015f\u00fcnd\u00fcr\u00fcc\u00fc mesajlar verirdi\u201d<\/h4>\n<h4>Anma t\u00f6reninde Gazeteci Akay Cemal da arkada\u015f\u0131 Mustafa Do\u011frus\u00f6z\u2019le ilgili duygular\u0131n\u0131 payla\u015ft\u0131.<\/h4>\n<p><img decoding=\"async\" loading=\"lazy\" class=\"alignnone  wp-image-3756\" src=\"https:\/\/gazetecilerbirligi.com\/wp-content\/uploads\/2024\/04\/3--300x300.jpg\" alt=\"\" width=\"501\" height=\"501\" srcset=\"https:\/\/gazetecilerbirligi.com\/wp-content\/uploads\/2024\/04\/3--300x300.jpg 300w, https:\/\/gazetecilerbirligi.com\/wp-content\/uploads\/2024\/04\/3--1024x1024.jpg 1024w, https:\/\/gazetecilerbirligi.com\/wp-content\/uploads\/2024\/04\/3--150x150.jpg 150w, https:\/\/gazetecilerbirligi.com\/wp-content\/uploads\/2024\/04\/3--768x768.jpg 768w, https:\/\/gazetecilerbirligi.com\/wp-content\/uploads\/2024\/04\/3--85x85.jpg 85w, https:\/\/gazetecilerbirligi.com\/wp-content\/uploads\/2024\/04\/3--80x80.jpg 80w\" sizes=\"(max-width: 501px) 100vw, 501px\" \/><\/p>\n<h4>Do\u011frus\u00f6z\u2019\u00fcn sohbetlerine doyum olmad\u0131\u011f\u0131n\u0131 anlatan Cemal, Mustafa Do\u011frus\u00f6z ve Burhan Mahmuto\u011flu ile daha kap\u0131lar\u0131n a\u00e7\u0131lmad\u0131\u011f\u0131 d\u00f6nemde Mara\u015f\u2019ta bir\u00e7ok mal b\u0131rakan Lordos\u2019la g\u00f6r\u00fc\u015fmeye gittiklerini g\u00fcnle ilgili an\u0131lar\u0131n\u0131 anlatt\u0131.<\/h4>\n<h4>Akay Cemal, Do\u011frus\u00f6z\u2019\u00fcn esprili yaz\u0131lar\u0131ndan, T\u00fcrk \u015fairlerden esinlenerek yemek masalar\u0131na katt\u0131\u011f\u0131 renkten de s\u00f6z ederek \u201cYaz\u0131lar\u0131nda da ayr\u0131 bir \u00f6zellik vard\u0131. Kendine has \u00fcslubuyla yazarken birtak\u0131m mesajlar verirdi. O mesajlarda hem d\u00fc\u015f\u00fcnd\u00fcr\u00fcc\u00fc, hem de sevindirici sonu\u00e7lar \u00e7\u0131kar\u0131rd\u0131n\u0131z.\u201d diye konu\u015ftu.<\/h4>\n<h4>Her kesimle dostluk, arkada\u015fl\u0131k kurabilen iyi niyetli, iyi y\u00fcrekli bir arkada\u015flar\u0131 oldu\u011funu vurgulad\u0131\u011f\u0131 Do\u011frus\u00f6z\u2019\u00fcn topluma b\u00fcy\u00fck hizmetleri ge\u00e7ti\u011fini ifade eden Akay Cemal, Do\u011frus\u00f6z\u2019e\u00a0rahmet\u00a0diledi.<\/h4>\n<p><img decoding=\"async\" loading=\"lazy\" class=\"alignnone  wp-image-3755\" src=\"https:\/\/gazetecilerbirligi.com\/wp-content\/uploads\/2024\/04\/1-300x300.jpg\" alt=\"\" width=\"506\" height=\"506\" srcset=\"https:\/\/gazetecilerbirligi.com\/wp-content\/uploads\/2024\/04\/1-300x300.jpg 300w, https:\/\/gazetecilerbirligi.com\/wp-content\/uploads\/2024\/04\/1-1024x1024.jpg 1024w, https:\/\/gazetecilerbirligi.com\/wp-content\/uploads\/2024\/04\/1-150x150.jpg 150w, https:\/\/gazetecilerbirligi.com\/wp-content\/uploads\/2024\/04\/1-768x768.jpg 768w, https:\/\/gazetecilerbirligi.com\/wp-content\/uploads\/2024\/04\/1-85x85.jpg 85w, https:\/\/gazetecilerbirligi.com\/wp-content\/uploads\/2024\/04\/1-80x80.jpg 80w\" sizes=\"(max-width: 506px) 100vw, 506px\" \/><\/p>\n","protected":false},"excerpt":{"rendered":"<p>*Baturay: \u201cMeslekta\u015flar\u0131m\u0131za tavsiyem, medyam\u0131za mal olmu\u015f insanlar\u0131 unutmayal\u0131m, anal\u0131m\u201d *Cemal: \u201cYaz\u0131lar\u0131nda ayr\u0131 bir \u00f6zellik vard\u0131. Kendine has \u00fcslubuyla yazarken birtak\u0131m mesajlar verirdi\u201d Gazeteci- yazar Mustafa Do\u011frus\u00f6z,<span class=\"excerpt-hellip\"> [\u2026]<\/span><\/p>\n","protected":false},"author":2,"featured_media":3754,"comment_status":"closed","ping_status":"closed","sticky":false,"template":"","format":"standard","meta":{"footnotes":""},"categories":[28,1,15],"tags":[],"_links":{"self":[{"href":"https:\/\/gazetecilerbirligi.com\/index.php?rest_route=\/wp\/v2\/posts\/3753"}],"collection":[{"href":"https:\/\/gazetecilerbirligi.com\/index.php?rest_route=\/wp\/v2\/posts"}],"about":[{"href":"https:\/\/gazetecilerbirligi.com\/index.php?rest_route=\/wp\/v2\/types\/post"}],"author":[{"embeddable":true,"href":"https:\/\/gazetecilerbirligi.com\/index.php?rest_route=\/wp\/v2\/users\/2"}],"replies":[{"embeddable":true,"href":"https:\/\/gazetecilerbirligi.com\/index.php?rest_route=%2Fwp%2Fv2%2Fcomments&post=3753"}],"version-history":[{"count":3,"href":"https:\/\/gazetecilerbirligi.com\/index.php?rest_route=\/wp\/v2\/posts\/3753\/revisions"}],"predecessor-version":[{"id":3759,"href":"https:\/\/gazetecilerbirligi.com\/index.php?rest_route=\/wp\/v2\/posts\/3753\/revisions\/3759"}],"wp:featuredmedia":[{"embeddable":true,"href":"https:\/\/gazetecilerbirligi.com\/index.php?rest_route=\/wp\/v2\/media\/3754"}],"wp:attachment":[{"href":"https:\/\/gazetecilerbirligi.com\/index.php?rest_route=%2Fwp%2Fv2%2Fmedia&parent=3753"}],"wp:term":[{"taxonomy":"category","embeddable":true,"href":"https:\/\/gazetecilerbirligi.com\/index.php?rest_route=%2Fwp%2Fv2%2Fcategories&post=3753"},{"taxonomy":"post_tag","embeddable":true,"href":"https:\/\/gazetecilerbirligi.com\/index.php?rest_route=%2Fwp%2Fv2%2Ftags&post=3753"}],"curies":[{"name":"wp","href":"https:\/\/api.w.org\/{rel}","templated":true}]}}