{"id":3745,"date":"2024-03-14T10:22:53","date_gmt":"2024-03-14T08:22:53","guid":{"rendered":"https:\/\/gazetecilerbirligi.com\/?p=3745"},"modified":"2024-03-14T10:22:53","modified_gmt":"2024-03-14T08:22:53","slug":"gazeteciler-birliginden-hukumete-cagri","status":"publish","type":"post","link":"https:\/\/gazetecilerbirligi.com\/?p=3745","title":{"rendered":"Gazeteciler Birli\u011finden h\u00fck\u00fcmete \u00e7a\u011fr\u0131:"},"content":{"rendered":"<h4>\u201c\u00c7a\u011fda\u015f, demokratik bir \u00fclke i\u00e7in askeri su\u00e7larla ilgili de\u011fi\u015fiklik acilen g\u00f6r\u00fc\u015f\u00fcl\u00fcp onaylanmal\u0131\u201d<\/h4>\n<h4>Baz\u0131 meslekta\u015flar\u0131m\u0131za a\u00e7\u0131lan davalara zemin olu\u015fturan Askeri Su\u00e7lar ve Cezalar Yasas\u0131\u2019n\u0131n de\u011fi\u015fmesi, sadece biz gazetecilerin de\u011fil daha \u00e7a\u011fda\u015f ve demokratik bir \u00fclkede ya\u015famak isteyen t\u00fcm yurtta\u015flar\u0131n talebidir.<\/h4>\n<h4>CTP milletvekillerince haz\u0131rlanan ve Meclis\u2019e sunulan Askeri Su\u00e7lar ve Cezalar (De\u011fi\u015fiklik) Yasa \u00d6nerisi&#8217;nin, ivedilik karar\u0131 al\u0131nd\u0131\u011f\u0131 3 Ekim 2023\u2019ten bug\u00fcne kadar ilgili komite g\u00fcndemine al\u0131nmam\u0131\u015f olmas\u0131, iyi niyetle ba\u011fda\u015fmaz.<\/h4>\n<h4>Bas\u0131n\u0131 ilgilendiren yasalar konusunda taleplerimize olumlu yakla\u015ft\u0131\u011f\u0131n\u0131 ifade eden Say\u0131n Ba\u015fbakan \u00dcnal \u00dcstel ba\u015fta olmak \u00fczere koalisyon orta\u011f\u0131 partilerin ba\u015fkanlar\u0131na ve milletvekillerine kamuoyu \u00f6n\u00fcnde bu yasa \u00f6nerisini s\u00fcratle g\u00f6r\u00fc\u015ferek onaylanmas\u0131na destek vermesini talep ediyoruz.<\/h4>\n<h4>Bir \u00fclkede gazetecilerin tutuklu yarg\u0131lanmas\u0131, on y\u0131la kadar hapis cezas\u0131na \u00e7arpt\u0131r\u0131lmas\u0131n\u0131 i\u00e7eren yasay\u0131, \u00e7a\u011fda\u015f d\u00fcnyan\u0131n gereklerine uygun olarak ele al\u0131p d\u00fczenlemek \u00fclkemiz i\u00e7in b\u00fcy\u00fck bir art\u0131 olacakt\u0131r.<\/h4>\n<h4>Askeri Su\u00e7lar ve Cezalar (De\u011fi\u015fiklik) Yasa \u00d6nerisi&#8217;nin y\u00fcr\u00fcrl\u00fc\u011fe girmesinin takip\u00e7isi ve taraftar\u0131 oldu\u011fumuzu vurgular, h\u00fck\u00fcmetin de benzer duyarl\u0131l\u0131\u011f\u0131 g\u00f6stermesini talep ederiz.<\/h4>\n<h4>KTGB\u00a0Y\u00f6netim\u00a0Kurulu<\/h4>\n<h4><\/h4>\n<h4><\/h4>\n<h4><\/h4>\n","protected":false},"excerpt":{"rendered":"<p>\u201c\u00c7a\u011fda\u015f, demokratik bir \u00fclke i\u00e7in askeri su\u00e7larla ilgili de\u011fi\u015fiklik acilen g\u00f6r\u00fc\u015f\u00fcl\u00fcp onaylanmal\u0131\u201d Baz\u0131 meslekta\u015flar\u0131m\u0131za a\u00e7\u0131lan davalara zemin olu\u015fturan Askeri Su\u00e7lar ve Cezalar Yasas\u0131\u2019n\u0131n de\u011fi\u015fmesi, sadece biz<span class=\"excerpt-hellip\"> [\u2026]<\/span><\/p>\n","protected":false},"author":2,"featured_media":3560,"comment_status":"closed","ping_status":"closed","sticky":false,"template":"","format":"standard","meta":{"footnotes":""},"categories":[28,1,15],"tags":[],"_links":{"self":[{"href":"https:\/\/gazetecilerbirligi.com\/index.php?rest_route=\/wp\/v2\/posts\/3745"}],"collection":[{"href":"https:\/\/gazetecilerbirligi.com\/index.php?rest_route=\/wp\/v2\/posts"}],"about":[{"href":"https:\/\/gazetecilerbirligi.com\/index.php?rest_route=\/wp\/v2\/types\/post"}],"author":[{"embeddable":true,"href":"https:\/\/gazetecilerbirligi.com\/index.php?rest_route=\/wp\/v2\/users\/2"}],"replies":[{"embeddable":true,"href":"https:\/\/gazetecilerbirligi.com\/index.php?rest_route=%2Fwp%2Fv2%2Fcomments&post=3745"}],"version-history":[{"count":2,"href":"https:\/\/gazetecilerbirligi.com\/index.php?rest_route=\/wp\/v2\/posts\/3745\/revisions"}],"predecessor-version":[{"id":3747,"href":"https:\/\/gazetecilerbirligi.com\/index.php?rest_route=\/wp\/v2\/posts\/3745\/revisions\/3747"}],"wp:featuredmedia":[{"embeddable":true,"href":"https:\/\/gazetecilerbirligi.com\/index.php?rest_route=\/wp\/v2\/media\/3560"}],"wp:attachment":[{"href":"https:\/\/gazetecilerbirligi.com\/index.php?rest_route=%2Fwp%2Fv2%2Fmedia&parent=3745"}],"wp:term":[{"taxonomy":"category","embeddable":true,"href":"https:\/\/gazetecilerbirligi.com\/index.php?rest_route=%2Fwp%2Fv2%2Fcategories&post=3745"},{"taxonomy":"post_tag","embeddable":true,"href":"https:\/\/gazetecilerbirligi.com\/index.php?rest_route=%2Fwp%2Fv2%2Ftags&post=3745"}],"curies":[{"name":"wp","href":"https:\/\/api.w.org\/{rel}","templated":true}]}}