{"id":3562,"date":"2023-08-14T14:38:12","date_gmt":"2023-08-14T11:38:12","guid":{"rendered":"https:\/\/gazetecilerbirligi.com\/?p=3562"},"modified":"2023-08-14T14:38:21","modified_gmt":"2023-08-14T11:38:21","slug":"kibris-turk-basininin-aci-gunu","status":"publish","type":"post","link":"https:\/\/gazetecilerbirligi.com\/?p=3562","title":{"rendered":"K\u0131br\u0131s T\u00fcrk bas\u0131n\u0131n\u0131n ac\u0131 g\u00fcn\u00fc\u2026"},"content":{"rendered":"<h4>Erg\u00fc\u00e7l\u00fc i\u00e7in yar\u0131n 11.00\u2019de KTGB lokalinde de t\u00f6ren d\u00fczenlenecek<\/h4>\n<h4>K\u0131br\u0131s T\u00fcrk bas\u0131n\u0131, bug\u00fcn en ac\u0131 g\u00fcnlerinden birini daha ya\u015f\u0131yor. Birli\u011fimizin kurucular\u0131ndan ve eski ba\u015fkanlar\u0131ndan S\u00fcleyman Erg\u00fc\u00e7l\u00fc\u2019y\u00fc kaybettik. Ac\u0131m\u0131z b\u00fcy\u00fckt\u00fcr.<\/h4>\n<h4>S\u00fcleyman Erg\u00fc\u00e7l\u00fc, mesle\u011fimizin duayen isimlerinden biri olmas\u0131n\u0131n yan\u0131nda gerek medyada gerekse toplumda g\u00fczel ve g\u00fc\u00e7l\u00fc izler b\u0131rakan bir gazeteci olarak hat\u0131rlanacak.<\/h4>\n<h4>Eski ba\u015fkan\u0131 oldu\u011fu K\u0131br\u0131s T\u00fcrk Gazeteciler Birli\u011fi\u2019nin hemen hemen t\u00fcm etkinliklerine kat\u0131lan, katk\u0131da bulunan, sosyal ili\u015fkileri g\u00fc\u00e7l\u00fc bir gazeteci olan S\u00fcleyman Erg\u00fc\u00e7l\u00fc, kalplerimizde ve an\u0131lar\u0131m\u0131zda hep ya\u015fayacak.<br \/>\nO\u2019na son g\u00f6revimizi yar\u0131n yapaca\u011f\u0131z ve saat 11.00\u2019de KTGB lokalinde d\u00fczenlenecek t\u00f6ren sonras\u0131nda Lefko\u015fa Mezarl\u0131\u011f\u0131\u2019nda \u00f6\u011fle namaz\u0131 sonras\u0131 sonsuzlu\u011fa u\u011furlayaca\u011f\u0131z.<\/h4>\n<h4>Bir K\u0131br\u0131s ve Lefko\u015fa sevdal\u0131s\u0131 olan, \u00e7ekti\u011fi foto\u011fraflarla haf\u0131zalara kaz\u0131nan Erg\u00fc\u00e7l\u00fc, Bayrak Radyosu\u2019nda ba\u015flad\u0131\u011f\u0131 meslek hayat\u0131n\u0131, K\u0131br\u0131s Medya Grubu\u2019nda s\u00fcrd\u00fcrm\u00fc\u015ft\u00fc.<\/h4>\n<h4>K\u0131br\u0131s T\u00fcrk bas\u0131n\u0131na damga vuran isimlerden biri olan Erg\u00fc\u00e7l\u00fc geride b\u0131rakt\u0131\u011f\u0131 haber, r\u00f6portaj, k\u00f6\u015fe yaz\u0131s\u0131, makale, kitap ve foto\u011fraflar\u0131yla ya\u015famaya devam edecek.<\/h4>\n<h4>Ba\u015fta ailesi olmak \u00fczere t\u00fcm meslekta\u015flar\u0131na ba\u015fsa\u011fl\u0131\u011f\u0131 ve\u00a0sab\u0131r\u00a0dileriz.<\/h4>\n","protected":false},"excerpt":{"rendered":"<p>Erg\u00fc\u00e7l\u00fc i\u00e7in yar\u0131n 11.00\u2019de KTGB lokalinde de t\u00f6ren d\u00fczenlenecek K\u0131br\u0131s T\u00fcrk bas\u0131n\u0131, bug\u00fcn en ac\u0131 g\u00fcnlerinden birini daha ya\u015f\u0131yor. Birli\u011fimizin kurucular\u0131ndan ve eski ba\u015fkanlar\u0131ndan S\u00fcleyman Erg\u00fc\u00e7l\u00fc\u2019y\u00fc<span class=\"excerpt-hellip\"> [\u2026]<\/span><\/p>\n","protected":false},"author":2,"featured_media":3563,"comment_status":"closed","ping_status":"closed","sticky":false,"template":"","format":"standard","meta":{"footnotes":""},"categories":[28,1,15],"tags":[],"_links":{"self":[{"href":"https:\/\/gazetecilerbirligi.com\/index.php?rest_route=\/wp\/v2\/posts\/3562"}],"collection":[{"href":"https:\/\/gazetecilerbirligi.com\/index.php?rest_route=\/wp\/v2\/posts"}],"about":[{"href":"https:\/\/gazetecilerbirligi.com\/index.php?rest_route=\/wp\/v2\/types\/post"}],"author":[{"embeddable":true,"href":"https:\/\/gazetecilerbirligi.com\/index.php?rest_route=\/wp\/v2\/users\/2"}],"replies":[{"embeddable":true,"href":"https:\/\/gazetecilerbirligi.com\/index.php?rest_route=%2Fwp%2Fv2%2Fcomments&post=3562"}],"version-history":[{"count":0,"href":"https:\/\/gazetecilerbirligi.com\/index.php?rest_route=\/wp\/v2\/posts\/3562\/revisions"}],"wp:featuredmedia":[{"embeddable":true,"href":"https:\/\/gazetecilerbirligi.com\/index.php?rest_route=\/wp\/v2\/media\/3563"}],"wp:attachment":[{"href":"https:\/\/gazetecilerbirligi.com\/index.php?rest_route=%2Fwp%2Fv2%2Fmedia&parent=3562"}],"wp:term":[{"taxonomy":"category","embeddable":true,"href":"https:\/\/gazetecilerbirligi.com\/index.php?rest_route=%2Fwp%2Fv2%2Fcategories&post=3562"},{"taxonomy":"post_tag","embeddable":true,"href":"https:\/\/gazetecilerbirligi.com\/index.php?rest_route=%2Fwp%2Fv2%2Ftags&post=3562"}],"curies":[{"name":"wp","href":"https:\/\/api.w.org\/{rel}","templated":true}]}}