{"id":3558,"date":"2023-08-09T11:33:51","date_gmt":"2023-08-09T08:33:51","guid":{"rendered":"https:\/\/gazetecilerbirligi.com\/?p=3558"},"modified":"2023-08-09T11:33:51","modified_gmt":"2023-08-09T08:33:51","slug":"ktgb-aciklamasi","status":"publish","type":"post","link":"https:\/\/gazetecilerbirligi.com\/?p=3558","title":{"rendered":"KTGB A\u00e7\u0131klamas\u0131"},"content":{"rendered":"<h4>Bas\u0131n-Sen Ba\u015fkan\u0131 Ali Ki\u015fmir\u2019e a\u00e7\u0131lan ceza davas\u0131 ifade \u00f6zg\u00fcrl\u00fc\u011f\u00fcne a\u00e7\u0131lan bir davad\u0131r! Kabul edilemez\u2026<\/h4>\n<h4>K\u0131br\u0131s T\u00fcrk Gazeteciler Birli\u011fi (KTGB), Anayasayla da koruma alt\u0131nda olan ifade \u00f6zg\u00fcrl\u00fc\u011f\u00fcn\u00fc ortadan kald\u0131rmaya y\u00f6nelik her t\u00fcrl\u00fc ad\u0131m\u0131n ge\u00e7mi\u015fte oldu\u011fu gibi bug\u00fcn de kar\u015f\u0131s\u0131nda olmaya devam ediyor.<\/h4>\n<h4>KTGB, Bas\u0131n Emek\u00e7ileri Sendikas\u0131 (BASIN-SEN) Ba\u015fkan\u0131 Ali Ki\u015fmir hakk\u0131nda \u201cG\u00fcvenlik Kuvvetleri Komutanl\u0131\u011f\u0131\u2019n\u0131 hedef g\u00f6steren bir yaz\u0131 yazd\u0131\u011f\u0131 ve kurumun manevi \u015fahsiyetini tahkir ve tezyif etti\u011fi\u201d gerek\u00e7esiyle 10 y\u0131la kadar hapis cezas\u0131 \u00f6ng\u00f6ren dava a\u00e7\u0131lmas\u0131n\u0131 bas\u0131n ve ifade \u00f6zg\u00fcrl\u00fc\u011f\u00fcne y\u00f6nelik bir tehdit ve darbe olarak g\u00f6rmektedir.<\/h4>\n<h4>Anti demokratik, gerici ve ifade \u00f6zg\u00fcrl\u00fc\u011f\u00fcn\u00fc k\u0131s\u0131tlay\u0131c\u0131 hatta ortadan kald\u0131ran, bas\u0131n \u00f6zg\u00fcrl\u00fc\u011f\u00fcn\u00fc yok eden ve d\u00fc\u015f\u00fcnceyi su\u00e7 kapsam\u0131na alan yasa de\u011fi\u015fikliklerine y\u00f6nelik ge\u00e7ti\u011fimiz y\u0131l verilen m\u00fccadele de i\u015fte bu y\u00fczdendi. Zira yap\u0131lmak istenen de\u011fi\u015fiklikler halihaz\u0131rda hukuk davalar\u0131yla \u00e7\u00f6z\u00fcmlenebilecek durumlar\u0131 Ceza Yasas\u0131 kapsam\u0131na al\u0131yor ve bu da d\u00fc\u015f\u00fcncelerin ifade edilmesini hapis cezas\u0131na d\u00f6n\u00fc\u015ft\u00fcr\u00fcyordu.<\/h4>\n<h4>Bug\u00fcn Ali Ki\u015fmir\u2019e y\u00f6nelik a\u00e7\u0131lan dava, yasayla yap\u0131lmak isteneni, mahkemelerde \u201cemsal\u201d haline getirip ifade \u00f6zg\u00fcrl\u00fc\u011f\u00fcn\u00fc toptan ortadan kald\u0131rma talebidir. Bu kabul edilemez bir durumdur ve bunu kabul etmeyece\u011fiz.<\/h4>\n<h4>Bu davan\u0131n ilk g\u00fcndeme geldi\u011fi \u015eubat ay\u0131nda da belirtti\u011fimiz gibi farkl\u0131 d\u00fc\u015f\u00fcnceleri ifade etmek gazetecilik mesle\u011finin temelini olu\u015fturmaktad\u0131r. Gazeteciler \u201cemir eri\u201d de\u011fildir. Gazeteciler kurumlar\u0131n \u201chalka ili\u015fkiler memuru\u201d de\u011fildir. Gazeteciler \u201cg\u00fczelleme\u201d yazarlar\u0131 de\u011fildir. Elbette ele\u015ftirecek, yanl\u0131\u015f g\u00f6rd\u00fcklerini \u00f6zg\u00fcrce yazacak, halk\u0131 bilgilendirme g\u00f6revini yerine getirecektir. Bunu da Demokles\u2019in k\u0131l\u0131c\u0131n\u0131 boynunda hissetmeden yapacakt\u0131r.<\/h4>\n<h4>Yaz\u0131lanlardan rahats\u0131z olanlar\u0131n hukuk davas\u0131 a\u00e7mas\u0131na hi\u00e7bir itiraz\u0131m\u0131z yok. Ama ceza davalar\u0131yla gazetecilerin susturulmak istenmesine r\u0131za g\u00f6stermemiz beklenmesin. Bu konudaki m\u00fccadelemizi kararl\u0131l\u0131kla s\u00fcrd\u00fcrece\u011fimizi vurgular\u0131z.<\/h4>\n<h4>Gelinen a\u015famada yasama g\u00f6revini y\u00fcr\u00fcten Meclis\u2019e de bir s\u00f6z\u00fcm\u00fcz olacakt\u0131r. Yasalar g\u00fcn\u00fcn ko\u015fullar\u0131, geli\u015fen d\u00fcnya ve insan haklar\u0131 do\u011frultusunda zaman\u0131nda g\u00fcncellenirse anlaml\u0131 olur. Meclisimizi yasalar\u0131 \u201c\u00f6zg\u00fcrl\u00fckleri g\u00fcvence alt\u0131na alacak\u201d \u015fekilde yeniden d\u00fczenlemeye davet ederiz.<\/h4>\n<h4>Unutulmas\u0131n ki \u201cbas\u0131n \u00f6zg\u00fcrl\u00fc\u011f\u00fc hayat\u0131n\u00a0\u00f6zg\u00fcrl\u00fc\u011f\u00fc\u201dd\u00fcr.<\/h4>\n<h4><\/h4>\n","protected":false},"excerpt":{"rendered":"<p>Bas\u0131n-Sen Ba\u015fkan\u0131 Ali Ki\u015fmir\u2019e a\u00e7\u0131lan ceza davas\u0131 ifade \u00f6zg\u00fcrl\u00fc\u011f\u00fcne a\u00e7\u0131lan bir davad\u0131r! Kabul edilemez\u2026 K\u0131br\u0131s T\u00fcrk Gazeteciler Birli\u011fi (KTGB), Anayasayla da koruma alt\u0131nda olan ifade \u00f6zg\u00fcrl\u00fc\u011f\u00fcn\u00fc<span class=\"excerpt-hellip\"> [\u2026]<\/span><\/p>\n","protected":false},"author":2,"featured_media":3560,"comment_status":"closed","ping_status":"closed","sticky":false,"template":"","format":"standard","meta":{"footnotes":""},"categories":[28,1,15],"tags":[],"_links":{"self":[{"href":"https:\/\/gazetecilerbirligi.com\/index.php?rest_route=\/wp\/v2\/posts\/3558"}],"collection":[{"href":"https:\/\/gazetecilerbirligi.com\/index.php?rest_route=\/wp\/v2\/posts"}],"about":[{"href":"https:\/\/gazetecilerbirligi.com\/index.php?rest_route=\/wp\/v2\/types\/post"}],"author":[{"embeddable":true,"href":"https:\/\/gazetecilerbirligi.com\/index.php?rest_route=\/wp\/v2\/users\/2"}],"replies":[{"embeddable":true,"href":"https:\/\/gazetecilerbirligi.com\/index.php?rest_route=%2Fwp%2Fv2%2Fcomments&post=3558"}],"version-history":[{"count":0,"href":"https:\/\/gazetecilerbirligi.com\/index.php?rest_route=\/wp\/v2\/posts\/3558\/revisions"}],"wp:featuredmedia":[{"embeddable":true,"href":"https:\/\/gazetecilerbirligi.com\/index.php?rest_route=\/wp\/v2\/media\/3560"}],"wp:attachment":[{"href":"https:\/\/gazetecilerbirligi.com\/index.php?rest_route=%2Fwp%2Fv2%2Fmedia&parent=3558"}],"wp:term":[{"taxonomy":"category","embeddable":true,"href":"https:\/\/gazetecilerbirligi.com\/index.php?rest_route=%2Fwp%2Fv2%2Fcategories&post=3558"},{"taxonomy":"post_tag","embeddable":true,"href":"https:\/\/gazetecilerbirligi.com\/index.php?rest_route=%2Fwp%2Fv2%2Ftags&post=3558"}],"curies":[{"name":"wp","href":"https:\/\/api.w.org\/{rel}","templated":true}]}}