{"id":3269,"date":"2022-09-22T13:24:31","date_gmt":"2022-09-22T10:24:31","guid":{"rendered":"https:\/\/gazetecilerbirligi.com\/?p=3269"},"modified":"2022-09-22T13:24:31","modified_gmt":"2022-09-22T10:24:31","slug":"kibris-turk-gazeteciler-birligi-calisma-ve-sosyal-guvenlik-bakani-tacoyla-gorustu","status":"publish","type":"post","link":"https:\/\/gazetecilerbirligi.com\/?p=3269","title":{"rendered":"K\u0131br\u0131s T\u00fcrk Gazeteciler Birli\u011fi, \u00c7al\u0131\u015fma ve Sosyal G\u00fcvenlik Bakan\u0131 Ta\u00e7oy\u2019la g\u00f6r\u00fc\u015ft\u00fc"},"content":{"rendered":"<h4>Ta\u00e7oy: \u201cTe\u015fviklerin devam\u0131na olumlu bak\u0131yoruz\u201d<\/h4>\n<h4>K\u0131br\u0131s T\u00fcrk Gazeteciler Birli\u011fi Ba\u015fkan\u0131 Emin Akkor ba\u015fkanl\u0131\u011f\u0131ndaki heyet, \u00c7al\u0131\u015fma ve Sosyal G\u00fcvenlik Bakan\u0131 Hasan Ta\u00e7oy\u2019la medyadaki sorunlar\u0131n ve te\u015fviklerin ele al\u0131nd\u0131\u011f\u0131 toplant\u0131da bir araya geldi.<\/h4>\n<h4>Makam\u0131ndaki g\u00f6r\u00fc\u015fmede konu\u015fan Bakan Ta\u00e7oy, bas\u0131n\u0131n ya\u015fad\u0131\u011f\u0131 ekonomik s\u0131k\u0131nt\u0131lar\u0131 bildiklerini belirterek, sosyal g\u00fcvenlik yat\u0131r\u0131mlar\u0131yla ilgili te\u015fviklerin devam etmesine olumlu bakt\u0131klar\u0131n\u0131, neler yap\u0131labilece\u011fini de\u011ferlendireceklerini kaydetti.<\/h4>\n<h4>\nBakan Ta\u00e7oy, K\u0131br\u0131s T\u00fcrk medyas\u0131ndaki sorunlar\u0131n ele al\u0131naca\u011f\u0131 bir \u00e7al\u0131\u015ftay d\u00fczenlenmesi \u00f6nerisinde de bulunarak b\u00f6yle bir \u00e7al\u0131\u015ftay\u0131n organizasyonunda yer alabileceklerini s\u00f6yledi.<\/h4>\n<h4>\nKTGB Ba\u015fkan\u0131 Emin Akkor da birli\u011fin g\u00fcndemini son aylarda en \u00e7ok meclis g\u00fcndemine getirilen baz\u0131 yasalar\u0131n olu\u015fturdu\u011funu, son olarak radyo ve TV yay\u0131nlar\u0131yla ilgili tasar\u0131n\u0131n meclis komitesindeki g\u00f6r\u00fc\u015fmelerine kat\u0131ld\u0131klar\u0131n\u0131 anlatt\u0131.<br \/>\n\u00dclkedeki ekonomik s\u0131k\u0131nt\u0131lara paralel medyan\u0131n da s\u0131k\u0131nt\u0131lar i\u00e7inde oldu\u011funu ifade eden Akkor, medyaya, \u0130htiyat Sand\u0131\u011f\u0131 ve Sosyal Sigorta yat\u0131r\u0131mlar\u0131 te\u015fviklerinin s\u00fcrmesini istediklerini s\u00f6yledi.<\/h4>\n<h4>Akkor, medyadaki etik sorunlarla ilgili m\u00fccadelelerinin de devam etti\u011fini belirtti.<\/h4>\n","protected":false},"excerpt":{"rendered":"<p>Ta\u00e7oy: \u201cTe\u015fviklerin devam\u0131na olumlu bak\u0131yoruz\u201d K\u0131br\u0131s T\u00fcrk Gazeteciler Birli\u011fi Ba\u015fkan\u0131 Emin Akkor ba\u015fkanl\u0131\u011f\u0131ndaki heyet, \u00c7al\u0131\u015fma ve Sosyal G\u00fcvenlik Bakan\u0131 Hasan Ta\u00e7oy\u2019la medyadaki sorunlar\u0131n ve te\u015fviklerin ele<span class=\"excerpt-hellip\"> [\u2026]<\/span><\/p>\n","protected":false},"author":2,"featured_media":3271,"comment_status":"closed","ping_status":"closed","sticky":false,"template":"","format":"standard","meta":{"footnotes":""},"categories":[28,1,15],"tags":[],"_links":{"self":[{"href":"https:\/\/gazetecilerbirligi.com\/index.php?rest_route=\/wp\/v2\/posts\/3269"}],"collection":[{"href":"https:\/\/gazetecilerbirligi.com\/index.php?rest_route=\/wp\/v2\/posts"}],"about":[{"href":"https:\/\/gazetecilerbirligi.com\/index.php?rest_route=\/wp\/v2\/types\/post"}],"author":[{"embeddable":true,"href":"https:\/\/gazetecilerbirligi.com\/index.php?rest_route=\/wp\/v2\/users\/2"}],"replies":[{"embeddable":true,"href":"https:\/\/gazetecilerbirligi.com\/index.php?rest_route=%2Fwp%2Fv2%2Fcomments&post=3269"}],"version-history":[{"count":0,"href":"https:\/\/gazetecilerbirligi.com\/index.php?rest_route=\/wp\/v2\/posts\/3269\/revisions"}],"wp:featuredmedia":[{"embeddable":true,"href":"https:\/\/gazetecilerbirligi.com\/index.php?rest_route=\/wp\/v2\/media\/3271"}],"wp:attachment":[{"href":"https:\/\/gazetecilerbirligi.com\/index.php?rest_route=%2Fwp%2Fv2%2Fmedia&parent=3269"}],"wp:term":[{"taxonomy":"category","embeddable":true,"href":"https:\/\/gazetecilerbirligi.com\/index.php?rest_route=%2Fwp%2Fv2%2Fcategories&post=3269"},{"taxonomy":"post_tag","embeddable":true,"href":"https:\/\/gazetecilerbirligi.com\/index.php?rest_route=%2Fwp%2Fv2%2Ftags&post=3269"}],"curies":[{"name":"wp","href":"https:\/\/api.w.org\/{rel}","templated":true}]}}