{"id":3263,"date":"2022-09-20T11:26:38","date_gmt":"2022-09-20T08:26:38","guid":{"rendered":"https:\/\/gazetecilerbirligi.com\/?p=3263"},"modified":"2022-09-20T11:34:49","modified_gmt":"2022-09-20T08:34:49","slug":"avrupa-birliginde-medya-ozgurlugu-icin-yeni-yasa","status":"publish","type":"post","link":"https:\/\/gazetecilerbirligi.com\/?p=3263","title":{"rendered":"Avrupa Birli\u011fi\u2019nde medya \u00f6zg\u00fcrl\u00fc\u011f\u00fc i\u00e7in yeni yasa"},"content":{"rendered":"<div class=\"l7ghb35v kjdc1dyq kmwttqpk gh25dzvf jikcssrz n3t5jt4f\">\n<h4 dir=\"auto\">Avrupa Birli\u011fi (AB) Komisyonu, medyada \u00e7o\u011fulculu\u011fu ve medya ba\u011f\u0131ms\u0131zl\u0131\u011f\u0131n\u0131 korumay\u0131 ama\u00e7layan yeni bir &#8220;Medya \u00d6zg\u00fcrl\u00fc\u011f\u00fc Yasas\u0131&#8221; teklifi sundu.<\/h4>\n<\/div>\n<div dir=\"auto\">AB Komisyonunun yasa teklifinde \u00e7o\u011fulcu ve ba\u011f\u0131ms\u0131z medyan\u0131n demokrasiler i\u00e7in hayati \u00f6nem ta\u015f\u0131d\u0131\u011f\u0131, yasan\u0131n editoryal ba\u011f\u0131ms\u0131zl\u0131\u011f\u0131 korumay\u0131 ama\u00e7lad\u0131\u011f\u0131 vurguland\u0131.<\/div>\n<div dir=\"auto\">Teklife g\u00f6re, AB \u00fclkeleri medyan\u0131n editoryal ba\u011f\u0131ms\u0131zl\u0131\u011f\u0131na sayg\u0131 duymakla y\u00fck\u00fcml\u00fc olacak. Ayr\u0131ca, medya kurulu\u015flar\u0131n\u0131n sahiplik yap\u0131s\u0131n\u0131n \u015feffaf \u015fekilde kamuoyuyla payla\u015f\u0131lmas\u0131 gerekecek.<\/div>\n<div dir=\"auto\">AB \u00fclkelerinde kamu hizmeti yapan medya kurulu\u015flar\u0131na yeterli miktarda ve istikrarl\u0131 fon sa\u011flanmas\u0131, kamu yay\u0131nc\u0131l\u0131\u011f\u0131 yapan kurulu\u015flar\u0131n \u00e7o\u011fulculuk ilkesine uymas\u0131 istenecek.<\/div>\n<div dir=\"auto\">Medya kurulu\u015flar\u0131na ne kadar reklam verildi\u011fi a\u00e7\u0131klanmak zorunda<\/div>\n<div dir=\"auto\"><\/div>\n<div dir=\"auto\">Devletler, medya kurulu\u015flar\u0131na ne kadar reklam verdiklerini, bunun kar\u015f\u0131l\u0131\u011f\u0131nda ne kadar \u00f6dediklerini her y\u0131l a\u00e7\u0131klamak zorunda olacak. Reklam verilmesinde ayr\u0131mc\u0131l\u0131k yap\u0131lmamas\u0131 \u015fart ko\u015fulacak.<\/div>\n<div dir=\"auto\">Yasayla reklam gelirlerini etkileyen, \u00f6zellikle internetten yay\u0131n yapan kurulu\u015flar i\u00e7in izleyici \u00f6l\u00e7\u00fcm sistemlerinin tarafs\u0131zl\u0131\u011f\u0131 ve \u015feffafl\u0131\u011f\u0131 geli\u015ftirilecek.<\/div>\n<div dir=\"auto\">Yabanc\u0131 devletlerin AB \u00fclkelerinde medya kurulu\u015flar\u0131 arac\u0131l\u0131\u011f\u0131yla dezenformasyon yapt\u0131\u011f\u0131 tespit edilirse yabanc\u0131 devletlerin fonuyla faaliyet g\u00f6steren kurulu\u015flara yasak getirilebilecek.<\/div>\n<div dir=\"auto\">Medyan\u0131n, gazetecilerin veya ailelerinin telefonlar\u0131n\u0131n dinlenmesi veya internet benzeri yollarla ileti\u015fimlerinin takip edilmesi gibi durumlara kar\u015f\u0131 koruma sa\u011flanacak.<\/div>\n<div dir=\"auto\">Haber kurulu\u015flar\u0131na \u00f6ncelik uygulanacak<\/div>\n<div dir=\"auto\">Yeni teklifle, Facebook ve YouTube gibi internet platformlar\u0131n\u0131n, haber kurulu\u015flar\u0131na \u00f6ncelikli muamele yapmas\u0131 istenecek.<\/div>\n<div dir=\"auto\">Ayr\u0131ca bu t\u00fcr internet platformlar\u0131n\u0131n kendi i\u00e7erik politikalar\u0131 gere\u011fince haber kurulu\u015flar\u0131n\u0131n i\u00e7eriklerini kald\u0131rma kararlar\u0131n\u0131 ve gerek\u00e7elerini bu kurulu\u015flara \u00f6nceden bildirmesi gerekecek.<\/div>\n<div dir=\"auto\">Bas\u0131n \u00f6zg\u00fcrl\u00fc\u011f\u00fcn\u00fcn geriledi\u011fi savunuluyor<\/div>\n<div dir=\"auto\">Teklife, Polonya ve Macaristan gibi baz\u0131 AB \u00fclkelerinin kar\u015f\u0131 \u00e7\u0131kmas\u0131 bekleniyor. AB Komisyonu, bir s\u00fcredir \u00f6zellikle bu iki \u00fclkeyi medya \u00f6zg\u00fcrl\u00fc\u011f\u00fc, demokrasi, hukukun \u00fcst\u00fcnl\u00fc\u011f\u00fc gibi alanlarda gerileme oldu\u011fu gerek\u00e7esiyle ele\u015ftiriyordu.<\/div>\n<div dir=\"auto\">S\u0131n\u0131r Tan\u0131mayan Gazeteciler \u00f6rg\u00fct\u00fc de son y\u0131llarda sadece Polonya ve Macaristan&#8217;da de\u011fil, Yunanistan, Hollanda, Slovenya, Malta ve \u0130talya gibi AB \u00fclkelerinde bas\u0131n \u00f6zg\u00fcrl\u00fc\u011f\u00fcn\u00fcn geriledi\u011fini savunuyor.<\/div>\n<div dir=\"auto\">AB Komisyonunun teklifinin yasa haline gelebilmesi i\u00e7in Avrupa Parlamentosu ve \u00fcye \u00fclkeler taraf\u0131ndan kabul edilmesi gerekiyor.<\/div>\n<div dir=\"auto\">***<\/div>\n<div dir=\"auto\">S\u0131n\u0131r Tan\u0131mayan Gazeteciler \u00f6rg\u00fct\u00fcn\u00fcn a\u00e7\u0131klamas\u0131\u2026<\/div>\n<div dir=\"auto\"><\/div>\n<div dir=\"auto\">Avrupa Medya \u00d6zg\u00fcrl\u00fc\u011f\u00fc Yasas\u0131\u2026 Gazetecilik \u0130\u00e7in Yeni Teklif\u2026<\/div>\n<div dir=\"auto\">16 Eyl\u00fcl 2022\u2019de \u00f6nerilen Avrupa Medya \u00d6zg\u00fcrl\u00fc\u011f\u00fc Yasas\u0131 (EMFA), Avrupa Birli\u011fi genelinde medya \u00f6zg\u00fcrl\u00fc\u011f\u00fc ve demokrasinin ve hukukun \u00fcst\u00fcnl\u00fc\u011f\u00fcn\u00fcn korunmas\u0131 i\u00e7in \u00f6nemli bir ad\u0131m\u0131 temsil ediyor. S\u0131n\u0131r Tan\u0131mayan Gazeteciler (RSF), tavsiyelerinin \u00e7o\u011funu i\u00e7eren bu giri\u015fimi selamlar ve geli\u015ftirmek i\u00e7in \u00e7al\u0131\u015faca\u011f\u0131n\u0131 duyurur.<\/div>\n<div dir=\"auto\">RSF Genel Sekreteri Christophe Deloire, \u015fu a\u00e7\u0131klamay\u0131 yapt\u0131:<\/div>\n<div dir=\"auto\">&#8220;Medya \u00f6zg\u00fcrl\u00fc\u011f\u00fcne ili\u015fkin bu \u00f6nerilen Avrupa mevzuat\u0131, Avrupa Komisyonu&#8217;nun Birli\u011fin de\u011ferlerini g\u00fc\u00e7l\u00fc \u00f6zel sekt\u00f6r \u015firketlerine, otoriter devletlere ve d\u0131\u015f manip\u00fclasyona kar\u015f\u0131 koruma iradesini yans\u0131tt\u0131\u011f\u0131 i\u00e7in memnuniyetle kar\u015f\u0131lanmal\u0131 ve savunulmal\u0131d\u0131r. RSF taraf\u0131ndan sunulan tavsiyelerin bir\u00e7o\u011funun, \u00f6zellikle de Bilgi ve Demokrasi Forumu taraf\u0131ndan \u00f6nerilen Gazetecilik \u0130\u00e7in Yeni Anla\u015fma yakla\u015f\u0131m\u0131n\u0131n benimsenmesini takdir ediyoruz. Ancak, \u00f6nerilen bu mevzuat belirli alanlarda hala eksik ve iyile\u015ftirilmesi gerekecek.\u201d<\/div>\n<div dir=\"auto\">Avrupa Komisyonu Ba\u015fkan Yard\u0131mc\u0131s\u0131 Vera Jourova ve i\u00e7 pazardan sorumlu komisyon \u00fcyesi Thierry Breton taraf\u0131ndan a\u00e7\u0131klanan EMFA, AB genelinde ge\u00e7erli olan medya \u00f6zg\u00fcrl\u00fc\u011f\u00fc g\u00fcvenceleri i\u00e7in ortak bir temel olu\u015fturmay\u0131 ama\u00e7l\u0131yor. Bu, gazetecilik ve medyan\u0131n artan say\u0131da AB \u00fcye \u00fclkesinde sald\u0131r\u0131 alt\u0131nda oldu\u011fu ve \u00e7evrimi\u00e7i platformlardan gelen haks\u0131z rekabet ve artan dezenformasyon kar\u015f\u0131s\u0131nda memnuniyetle kar\u015f\u0131lan\u0131yor.<\/div>\n<div dir=\"auto\">\u00d6nerilen mevzuat, RSF taraf\u0131ndan ba\u015flat\u0131lan Bilgi ve Demokrasi i\u00e7in Uluslararas\u0131 Ortakl\u0131k ilkeleri de dahil olmak \u00fczere, son aylarda Avrupa kurumlar\u0131yla yapt\u0131\u011f\u0131 g\u00f6r\u00fc\u015fmeler s\u0131ras\u0131nda RSF taraf\u0131ndan yap\u0131lan bir dizi teklifi i\u00e7eriyor. Fiili olarak g\u00fcvenilir bilgi edinme hakk\u0131n\u0131 tan\u0131yan yasa \u00f6nerisine g\u00f6re, vatanda\u015flar\u0131n \u201ckamu tart\u0131\u015fmas\u0131n\u0131n yarar\u0131na\u201d \u00e7o\u011fulcu ve ba\u011f\u0131ms\u0131z bilgi alma hakk\u0131 vard\u0131r. Ve bu hakk\u0131n kullan\u0131lmas\u0131 i\u00e7in gerekli g\u00fcvenceleri sa\u011flar \u2013 editoryal ba\u011f\u0131ms\u0131zl\u0131\u011f\u0131n korunmas\u0131, kamu hizmeti veren medyan\u0131n ba\u011f\u0131ms\u0131zl\u0131\u011f\u0131 ve hatta gazetecilerin kaynaklar\u0131n\u0131n gizlili\u011finin korunmas\u0131 ve gazetecilere kar\u015f\u0131 casus yaz\u0131l\u0131m kullan\u0131m\u0131n\u0131n yasaklanmas\u0131 gibi d\u00fczenlemeler i\u00e7eriyor.<\/div>\n<div dir=\"auto\">Bilgi ve Demokrasi Forumu&#8217;nun raporlar\u0131nda sunulan tavsiyelerin bir\u00e7o\u011fu, \u00f6zellikle medyan\u0131n s\u00fcrd\u00fcr\u00fclebilirli\u011fi \u00fczerine A New Deal for Journalism (Gazetecilik \u0130\u00e7in Yeni Bir Anla\u015fma) ba\u015fl\u0131kl\u0131 raporda yer alan tavsiyeler de kabul edildi \u2013 \u00f6rne\u011fin medya piyasas\u0131 i\u015flemlerinin \u00e7o\u011fulculuk \u00fczerindeki etkisinin dikkate al\u0131nmas\u0131n\u0131n \u00f6nemi ve editoryal ba\u011f\u0131ms\u0131zl\u0131k, devlet reklamlar\u0131n\u0131n d\u00fczenlenmesi ve medya sahipli\u011fi \u015feffafl\u0131\u011f\u0131n\u0131n sa\u011flanmas\u0131. EMFA&#8217;n\u0131n a\u00e7\u0131klamalar\u0131nda, medyan\u0131n kendilerini \u00e7evrimi\u00e7i platformlarda oldu\u011fu gibi tan\u0131mlamas\u0131na ve b\u00f6ylece platform moderasyon i\u015flemlerine kar\u015f\u0131 \u00f6zel korumadan faydalanmas\u0131na olanak tan\u0131yan bir \u00f6z-denetim standard\u0131 olarak Gazetecilik G\u00fcven Giri\u015fimi&#8217;ne (JTI) yap\u0131lan a\u00e7\u0131k at\u0131f, ileriye do\u011fru at\u0131lm\u0131\u015f \u00f6nemli bir ad\u0131md\u0131r.<\/div>\n<div dir=\"auto\">T\u00fcm bu h\u00fck\u00fcmlerin, \u00f6zellikle de mevcut haliyle tatmin edici olmayan \u00e7evrimi\u00e7i i\u00e7erik denetimine kar\u015f\u0131 g\u00fcvencelerden yararlanabilecek medyay\u0131 tan\u0131mlama kriterlerinin geli\u015ftirilmesi ve g\u00fc\u00e7lendirilmesi gerekmektedir. Bir haber kayna\u011f\u0131 olarak kendini beyan etmek, korumadan faydalanmak i\u00e7in yeterliyse, bu mekanizma, platformlar\u0131n dezenformasyonla m\u00fccadele etmek i\u00e7in \u00fcstlenmeleri beklenen \u00e7abalar\u0131 engelleme riskiyle kar\u015f\u0131 kar\u015f\u0131yad\u0131r. JTI, ilgili kriter olarak kabul edilmelidir.<\/div>\n<div class=\"l7ghb35v kjdc1dyq kmwttqpk gh25dzvf jikcssrz n3t5jt4f\">\n<h4 dir=\"auto\">EMFA&#8217;n\u0131n daha fazla geli\u015ftirilmesi gereken bir di\u011fer y\u00f6n\u00fc, Avrupa bilgi alan\u0131n\u0131n d\u0131\u015f manip\u00fclasyon ve etkilere kar\u015f\u0131 korunmas\u0131d\u0131r. EMFA, kamu g\u00fcvenli\u011fini ve savunmas\u0131n\u0131 zay\u0131flatan veya tehdit eden AB d\u0131\u015f\u0131ndaki medyaya kar\u015f\u0131 koordineli eyleme izin verir, ancak bunun i\u00e7in uygun ve me\u015fru bir yasal \u00e7er\u00e7eve sa\u011flamaz. RSF&#8217;nin bir kar\u015f\u0131l\u0131kl\u0131l\u0131k mekanizmas\u0131 \u00f6nerisi bu ihtiyac\u0131 kar\u015f\u0131layacakt\u0131r.<\/h4>\n<\/div>\n","protected":false},"excerpt":{"rendered":"<p>Avrupa Birli\u011fi (AB) Komisyonu, medyada \u00e7o\u011fulculu\u011fu ve medya ba\u011f\u0131ms\u0131zl\u0131\u011f\u0131n\u0131 korumay\u0131 ama\u00e7layan yeni bir &#8220;Medya \u00d6zg\u00fcrl\u00fc\u011f\u00fc Yasas\u0131&#8221; teklifi sundu. AB Komisyonunun yasa teklifinde \u00e7o\u011fulcu ve ba\u011f\u0131ms\u0131z medyan\u0131n<span class=\"excerpt-hellip\"> [\u2026]<\/span><\/p>\n","protected":false},"author":2,"featured_media":3266,"comment_status":"closed","ping_status":"closed","sticky":false,"template":"","format":"standard","meta":{"footnotes":""},"categories":[28,1,15],"tags":[],"_links":{"self":[{"href":"https:\/\/gazetecilerbirligi.com\/index.php?rest_route=\/wp\/v2\/posts\/3263"}],"collection":[{"href":"https:\/\/gazetecilerbirligi.com\/index.php?rest_route=\/wp\/v2\/posts"}],"about":[{"href":"https:\/\/gazetecilerbirligi.com\/index.php?rest_route=\/wp\/v2\/types\/post"}],"author":[{"embeddable":true,"href":"https:\/\/gazetecilerbirligi.com\/index.php?rest_route=\/wp\/v2\/users\/2"}],"replies":[{"embeddable":true,"href":"https:\/\/gazetecilerbirligi.com\/index.php?rest_route=%2Fwp%2Fv2%2Fcomments&post=3263"}],"version-history":[{"count":0,"href":"https:\/\/gazetecilerbirligi.com\/index.php?rest_route=\/wp\/v2\/posts\/3263\/revisions"}],"wp:featuredmedia":[{"embeddable":true,"href":"https:\/\/gazetecilerbirligi.com\/index.php?rest_route=\/wp\/v2\/media\/3266"}],"wp:attachment":[{"href":"https:\/\/gazetecilerbirligi.com\/index.php?rest_route=%2Fwp%2Fv2%2Fmedia&parent=3263"}],"wp:term":[{"taxonomy":"category","embeddable":true,"href":"https:\/\/gazetecilerbirligi.com\/index.php?rest_route=%2Fwp%2Fv2%2Fcategories&post=3263"},{"taxonomy":"post_tag","embeddable":true,"href":"https:\/\/gazetecilerbirligi.com\/index.php?rest_route=%2Fwp%2Fv2%2Ftags&post=3263"}],"curies":[{"name":"wp","href":"https:\/\/api.w.org\/{rel}","templated":true}]}}