{"id":3188,"date":"2022-06-14T17:54:47","date_gmt":"2022-06-14T14:54:47","guid":{"rendered":"https:\/\/gazetecilerbirligi.com\/?p=3188"},"modified":"2022-06-14T17:54:47","modified_gmt":"2022-06-14T14:54:47","slug":"ktgbden-tesekkur","status":"publish","type":"post","link":"https:\/\/gazetecilerbirligi.com\/?p=3188","title":{"rendered":"KTGB\u2019DEN TE\u015eEKK\u00dcR\u2026"},"content":{"rendered":"<p>\u0130fade \u00f6zg\u00fcrl\u00fc\u011f\u00fcm\u00fcz\u00fc darbeleyecek yasa tasar\u0131lar\u0131na kar\u015f\u0131 \u201c\u00d6zg\u00fcrl\u00fck Senden B\u00fcy\u00fck #Dokunma\u201d slogan\u0131yla ba\u015flatt\u0131\u011f\u0131m\u0131z eylemler \u00e7er\u00e7evesinde Meclis \u00f6n\u00fcnde Pazar ak\u015fam\u0131 21.00\u2019de ba\u015flat\u0131p d\u00fcn gece tamamlad\u0131\u011f\u0131m\u0131z \u201c\u00d6zg\u00fcrl\u00fck \u0130\u00e7in 24 Saat\u201d eylemimizde \u00fcyelerimizin, halk\u0131m\u0131z\u0131n, sivil toplum \u00f6rg\u00fctlerimizin, sendikalar\u0131m\u0131z\u0131n ve baz\u0131 siyasi partilerimizin deste\u011fiyle kayg\u0131lar\u0131m\u0131z\u0131 bu \u00fclkede ya\u015fayan herkese mal etmeyi ba\u015fard\u0131k.<\/p>\n<p>H\u00fck\u00fcmet, g\u00fcndemdeki \u00fc\u00e7 tasar\u0131n\u0131n bizim ve hukuk\u00e7ular\u0131n kat\u0131l\u0131m\u0131yla yeniden ele al\u0131nmas\u0131na ve halen meclis g\u00fcndeminde olanlar\u0131n de\u011fil, bizim ortak \u00e7al\u0131\u015fmam\u0131zla haz\u0131rlanacak tasar\u0131lar\u0131n meclise sunulmas\u0131na onay verdi.<\/p>\n<p>Eylemin bu ba\u015far\u0131yla tamamlanmas\u0131 g\u00fcc\u00fcm\u00fcz\u00fc art\u0131rd\u0131.<\/p>\n<p>Bu s\u00fcre\u00e7te hep yan\u0131m\u0131zda olan \u00fcyelerimize, canl\u0131 yay\u0131nlar\u0131 haz\u0131rlay\u0131p sunan meslekta\u015flar\u0131m\u0131za, yay\u0131nlara kat\u0131larak g\u00f6r\u00fc\u015flerini ifade eden herkese; yay\u0131nlar\u0131n kamuoyuna ula\u015fmas\u0131n\u0131 sa\u011flayan medya kurulu\u015flar\u0131m\u0131za, sosyal medyadan yay\u0131nlar\u0131 ve eylem logomuzu payla\u015fan, payla\u015f\u0131mlar\u0131yla destek belirten herkese; eylem yerine kadar gelerek veya gelemese de mesaj g\u00f6ndererek destek belirten herkese; eylem yerinin haz\u0131rlanmas\u0131na katk\u0131da bulunan belediyelere ve \u015firketlere, yiyecek ve i\u00e7ecek katk\u0131s\u0131 yapan onlarca kurum ve ki\u015fiye, Meclis Ba\u015fkan\u0131 Zorlu T\u00f6re\u2019nin Genel Kurul salonundaki siyah bantl\u0131 eylemimiz s\u0131ras\u0131nda hakk\u0131m\u0131zda sarf etti\u011fi olumsuz s\u00f6zlere ra\u011fmen bize yard\u0131mc\u0131 olan Meclis personeline, bizi yaln\u0131z b\u0131rakmayan milletvekillerine\u2026<\/p>\n<p>Sonsuz te\u015fekk\u00fcrlerimizi ifade ederiz.<\/p>\n<p>M\u00fccadelemiz, K\u0131br\u0131s T\u00fcrk halk\u0131n\u0131n ve bas\u0131n\u0131m\u0131z\u0131n lay\u0131k oldu\u011fu \u00e7a\u011fda\u015f yasalara kavu\u015fmas\u0131 i\u00e7in s\u00fcrecektir.<\/p>\n<p>KTGB<\/p>\n","protected":false},"excerpt":{"rendered":"<p>\u0130fade \u00f6zg\u00fcrl\u00fc\u011f\u00fcm\u00fcz\u00fc darbeleyecek yasa tasar\u0131lar\u0131na kar\u015f\u0131 \u201c\u00d6zg\u00fcrl\u00fck Senden B\u00fcy\u00fck #Dokunma\u201d slogan\u0131yla ba\u015flatt\u0131\u011f\u0131m\u0131z eylemler \u00e7er\u00e7evesinde Meclis \u00f6n\u00fcnde Pazar ak\u015fam\u0131 21.00\u2019de ba\u015flat\u0131p d\u00fcn gece tamamlad\u0131\u011f\u0131m\u0131z \u201c\u00d6zg\u00fcrl\u00fck \u0130\u00e7in 24<span class=\"excerpt-hellip\"> [\u2026]<\/span><\/p>\n","protected":false},"author":2,"featured_media":3179,"comment_status":"closed","ping_status":"closed","sticky":false,"template":"","format":"standard","meta":{"footnotes":""},"categories":[28,1,15],"tags":[],"_links":{"self":[{"href":"https:\/\/gazetecilerbirligi.com\/index.php?rest_route=\/wp\/v2\/posts\/3188"}],"collection":[{"href":"https:\/\/gazetecilerbirligi.com\/index.php?rest_route=\/wp\/v2\/posts"}],"about":[{"href":"https:\/\/gazetecilerbirligi.com\/index.php?rest_route=\/wp\/v2\/types\/post"}],"author":[{"embeddable":true,"href":"https:\/\/gazetecilerbirligi.com\/index.php?rest_route=\/wp\/v2\/users\/2"}],"replies":[{"embeddable":true,"href":"https:\/\/gazetecilerbirligi.com\/index.php?rest_route=%2Fwp%2Fv2%2Fcomments&post=3188"}],"version-history":[{"count":0,"href":"https:\/\/gazetecilerbirligi.com\/index.php?rest_route=\/wp\/v2\/posts\/3188\/revisions"}],"wp:featuredmedia":[{"embeddable":true,"href":"https:\/\/gazetecilerbirligi.com\/index.php?rest_route=\/wp\/v2\/media\/3179"}],"wp:attachment":[{"href":"https:\/\/gazetecilerbirligi.com\/index.php?rest_route=%2Fwp%2Fv2%2Fmedia&parent=3188"}],"wp:term":[{"taxonomy":"category","embeddable":true,"href":"https:\/\/gazetecilerbirligi.com\/index.php?rest_route=%2Fwp%2Fv2%2Fcategories&post=3188"},{"taxonomy":"post_tag","embeddable":true,"href":"https:\/\/gazetecilerbirligi.com\/index.php?rest_route=%2Fwp%2Fv2%2Ftags&post=3188"}],"curies":[{"name":"wp","href":"https:\/\/api.w.org\/{rel}","templated":true}]}}