{"id":3182,"date":"2022-06-13T18:26:58","date_gmt":"2022-06-13T15:26:58","guid":{"rendered":"https:\/\/gazetecilerbirligi.com\/?p=3182"},"modified":"2022-06-13T18:26:58","modified_gmt":"2022-06-13T15:26:58","slug":"ifade-ozgurlugu-mucadelesinde-ilk-olumlu-sonuc-alindi-tasarilar-komitede-gorusulmeyecek","status":"publish","type":"post","link":"https:\/\/gazetecilerbirligi.com\/?p=3182","title":{"rendered":"\u0130fade \u00d6zg\u00fcrl\u00fc\u011f\u00fc M\u00fccadelesinde ilk olumlu sonu\u00e7 al\u0131nd\u0131; tasar\u0131lar komitede g\u00f6r\u00fc\u015f\u00fclmeyecek"},"content":{"rendered":"<p>*Ba\u015fbakan \u00dcstel\u2019le g\u00f6r\u00fc\u015fen KTGB Y\u00f6netim Kurulu kar\u015f\u0131 \u00e7\u0131k\u0131lan tasar\u0131lar\u0131n ele al\u0131naca\u011f\u0131 bir \u00e7al\u0131\u015fma grubu olu\u015fturulmas\u0131nda uzla\u015ft\u0131<\/p>\n<p>*KTGB eyleme destek veren herkese te\u015fekk\u00fcr etti<\/p>\n<p>K\u0131br\u0131s T\u00fcrk Gazeteciler Birli\u011fi, ifade \u00f6zg\u00fcrl\u00fc\u011f\u00fcn\u00fc s\u0131n\u0131rlayan \u00fc\u00e7 yasa tasar\u0131s\u0131na kar\u015f\u0131 ge\u00e7en haftadan bu yana ba\u015flatt\u0131\u011f\u0131 eyleminde ba\u015far\u0131ya ula\u015ft\u0131.<\/p>\n<p>\u201c\u00d6zg\u00fcrl\u00fck Senden B\u00fcy\u00fck #Dokunma\u201d slogan\u0131yla ba\u015flayan ve d\u00fcn geceden bu yana Meclis \u00f6n\u00fcnde s\u00fcrd\u00fcr\u00fclen \u201c\u00d6zg\u00fcrl\u00fck \u0130\u00e7in 24 Saat\u201d direni\u015fi sonu\u00e7 verdi.<\/p>\n<p>Eylem s\u00fcrerken Ba\u015fbakan \u00dcnal \u00dcstel\u2019in \u00e7a\u011fr\u0131s\u0131yla yap\u0131lan g\u00f6r\u00fc\u015fme sonucunda, Ceza, M\u00fcfsidane Yay\u0131nlar, \u00d6zel Hayat\u0131n ve Hayat\u0131n Gizli Alan\u0131n\u0131n Korunmas\u0131 Yasa Tasar\u0131lar\u0131ndaki de\u011fi\u015fikliklerin Meclis komitesi g\u00fcndemine getirilmemesi, bu y\u00f6nde bir \u00f6n \u00e7al\u0131\u015fma grubuyla tasar\u0131lar\u0131n yeniden d\u00fczenlenmesi konusunda uzla\u015f\u0131ya var\u0131ld\u0131.<\/p>\n<p>KTGB Ba\u015fkan\u0131 Emin Akkor, g\u00fcnlerdir s\u00fcren m\u00fccadelenin olumlu bir noktaya gelinmesini sa\u011flad\u0131\u011f\u0131n\u0131 a\u00e7\u0131klad\u0131.<\/p>\n<p>Akkor, m\u00fccadelenin bu konuda kesin sonu\u00e7 al\u0131n\u0131ncaya kadar devam edece\u011fini; Ba\u015fbakan\u2019la var\u0131lan uzla\u015f\u0131 uyar\u0131nca gerekli \u00e7al\u0131\u015fman\u0131n s\u00fcratle tamamlanmas\u0131 i\u00e7in \u00fczerlerine d\u00fc\u015feni yapacaklar\u0131n\u0131 s\u00f6yledi.<\/p>\n<p>Akkor, kayg\u0131lar\u0131n\u0131n ortadan kald\u0131r\u0131lmamas\u0131 ve yasalar\u0131n \u00e7a\u011fda\u015f, demokratik ilkelerle d\u00fczenlenmemesi halinde eylemlilik s\u00fcrecine farkl\u0131 mecralar\u0131 da kullanarak devam edeceklerini ifade etti.<\/p>\n<p>Akkor, yasalarla ilgili \u00e7al\u0131\u015fmada K\u0131br\u0131s T\u00fcrk Barolar Birli\u011fi de K\u0131br\u0131s T\u00fcrk Gazeteciler Birli\u011fi\u2019ne hukuki destek sa\u011flayaca\u011f\u0131n\u0131 a\u00e7\u0131klad\u0131.<\/p>\n<p>\u00d6te yandan KTGB\u2019nin 24 saatlik eyleme yurt d\u0131\u015f\u0131ndan da gazeteci \u00f6rg\u00fctleri destek verdi.<\/p>\n<p>S\u0131n\u0131r Tan\u0131mayan Gazeteciler \u00d6rg\u00fct\u00fc, T\u00fcrkiye \u00c7a\u011fda\u015f Gazeteciler Derne\u011fi de destek belirtti.<\/p>\n<p>K\u0131br\u0131s T\u00fcrk Gazeteciler Birli\u011fi\u2019nin \u00d6zg\u00fcrl\u00fck \u0130\u00e7in 24 Saat eylemi Cumhuriyet Meclisi \u00f6n\u00fcnde saat 21.00\u2019e kadar gazetecilerin, sivil toplum \u00f6rg\u00fct\u00fc temsilcilerinin ve milletvekillerinin kat\u0131ld\u0131\u011f\u0131 canl\u0131 yay\u0131nlarla devam edecek.<\/p>\n<p>K\u0131br\u0131s T\u00fcrk Gazeteciler Birli\u011fi, m\u00fccadeleye sahip \u00e7\u0131kan \u00fcyelerine, t\u00fcm gazetecilere, sivil toplum \u00f6rg\u00fctlerine, sendikalara, meslek \u00f6rg\u00fctlerine, siyasi partilere ve en ba\u015f\u0131ndan beri m\u00fccadelenin ortak oldu\u011funun bilinciyle eyleme maddi manevi destek veren herkese te\u015fekk\u00fcr etti.<\/p>\n","protected":false},"excerpt":{"rendered":"<p>*Ba\u015fbakan \u00dcstel\u2019le g\u00f6r\u00fc\u015fen KTGB Y\u00f6netim Kurulu kar\u015f\u0131 \u00e7\u0131k\u0131lan tasar\u0131lar\u0131n ele al\u0131naca\u011f\u0131 bir \u00e7al\u0131\u015fma grubu olu\u015fturulmas\u0131nda uzla\u015ft\u0131 *KTGB eyleme destek veren herkese te\u015fekk\u00fcr etti K\u0131br\u0131s T\u00fcrk Gazeteciler<span class=\"excerpt-hellip\"> [\u2026]<\/span><\/p>\n","protected":false},"author":2,"featured_media":3184,"comment_status":"closed","ping_status":"closed","sticky":false,"template":"","format":"standard","meta":{"footnotes":""},"categories":[28,1,15],"tags":[],"_links":{"self":[{"href":"https:\/\/gazetecilerbirligi.com\/index.php?rest_route=\/wp\/v2\/posts\/3182"}],"collection":[{"href":"https:\/\/gazetecilerbirligi.com\/index.php?rest_route=\/wp\/v2\/posts"}],"about":[{"href":"https:\/\/gazetecilerbirligi.com\/index.php?rest_route=\/wp\/v2\/types\/post"}],"author":[{"embeddable":true,"href":"https:\/\/gazetecilerbirligi.com\/index.php?rest_route=\/wp\/v2\/users\/2"}],"replies":[{"embeddable":true,"href":"https:\/\/gazetecilerbirligi.com\/index.php?rest_route=%2Fwp%2Fv2%2Fcomments&post=3182"}],"version-history":[{"count":0,"href":"https:\/\/gazetecilerbirligi.com\/index.php?rest_route=\/wp\/v2\/posts\/3182\/revisions"}],"wp:featuredmedia":[{"embeddable":true,"href":"https:\/\/gazetecilerbirligi.com\/index.php?rest_route=\/wp\/v2\/media\/3184"}],"wp:attachment":[{"href":"https:\/\/gazetecilerbirligi.com\/index.php?rest_route=%2Fwp%2Fv2%2Fmedia&parent=3182"}],"wp:term":[{"taxonomy":"category","embeddable":true,"href":"https:\/\/gazetecilerbirligi.com\/index.php?rest_route=%2Fwp%2Fv2%2Fcategories&post=3182"},{"taxonomy":"post_tag","embeddable":true,"href":"https:\/\/gazetecilerbirligi.com\/index.php?rest_route=%2Fwp%2Fv2%2Ftags&post=3182"}],"curies":[{"name":"wp","href":"https:\/\/api.w.org\/{rel}","templated":true}]}}