{"id":3090,"date":"2022-05-06T13:22:41","date_gmt":"2022-05-06T10:22:41","guid":{"rendered":"https:\/\/gazetecilerbirligi.com\/?p=3090"},"modified":"2022-05-06T13:22:41","modified_gmt":"2022-05-06T10:22:41","slug":"medya-basari-ve-tesvik-odulleri-icin-basvurular-basladi","status":"publish","type":"post","link":"https:\/\/gazetecilerbirligi.com\/?p=3090","title":{"rendered":"MEDYA BA\u015eARI VE TE\u015eV\u0130K \u00d6D\u00dcLLER\u0130 \u0130\u00c7\u0130N BA\u015eVURULAR BA\u015eLADI"},"content":{"rendered":"<p>&nbsp;<\/p>\n<p><strong>\u00a0<\/strong>K\u0131br\u0131s T\u00fcrk Gazeteciler Birli\u011fi her y\u0131l 11 Temmuz\u2019da kutlanan Bas\u0131n G\u00fcn\u00fc\u2019nde Birlik \u00fcyesi gazetecilere Medya Ba\u015far\u0131 ve Te\u015fvik \u00d6d\u00fclleri verecek.<\/p>\n<p>Medya Ba\u015far\u0131 ve Te\u015fvik \u00d6d\u00fclleri yar\u0131\u015fmas\u0131 i\u00e7in 18 dalda ba\u015fvurular kabul edilmeye ba\u015fland\u0131.<\/p>\n<p>Ba\u015fvurular, eser sahibi taraf\u0131ndan do\u011frudan yap\u0131labilece\u011fi gibi, Gazeteciler Birli\u011fi \u00fcyeleri taraf\u0131ndan da \u00f6neriler yap\u0131labilecek.<\/p>\n<p>Medya Ba\u015far\u0131 ve Te\u015fvik \u00d6d\u00fclleri kapsam\u0131nda ayr\u0131ca \u2018Gen\u00e7 Yetenek \u00d6zel \u00d6d\u00fcl\u00fc\u2019, \u2018Bar\u0131\u015f Gazetecili\u011fi \u00d6zel \u00d6d\u00fcl\u00fc\u2019, \u2018Medyada Hakan \u00c7AKMAK K\u00fclt\u00fcr Sanat \u00d6d\u00fcl\u00fc\u2019 ve \u2018Gazetecilik Mesle\u011fine Katk\u0131da Bulunan Akademik \u00c7al\u0131\u015fma \u00d6d\u00fcl\u00fc\u2019 de verilecek.<\/p>\n<p>Bu y\u0131lki ba\u015fvurular\u0131 de\u011ferlendirecek 5 ki\u015filik \u00d6d\u00fcl Komitesi de KTGB taraf\u0131ndan \u015fu \u015fekilde belirlendi:<\/p>\n<p>\u00dcmral Akp\u0131nar, Efdal Keser, Damla Soyalp, Cemal Y\u0131ld\u0131r\u0131m ve \u00c7a\u011fda\u015f \u00d6\u011f\u00fc\u00e7.<\/p>\n<p>\u00d6d\u00fcl Komitesi 1 Haziran 2021 \u2013 1 Haziran 2022 (her iki tarih de dahil) tarihleri aras\u0131nda yay\u0131nlanm\u0131\u015f eserler i\u00e7in ba\u015fvuru kabul edecek.<\/p>\n<p>En son ba\u015fvuru tarihi ise <strong>10 Haziran 2022<\/strong>.<\/p>\n<p>Ba\u015fvurulacak dallarla ilgili bilgi i\u00e7eren \u00d6d\u00fcl Y\u00f6netmeli\u011fi ve Ba\u015fvuru Formu https:\/\/gazetecilerbirligi.com\/belgeler\/ adresinden elde edilebilir.<\/p>\n<p>&nbsp;<\/p>\n","protected":false},"excerpt":{"rendered":"<p>&nbsp; \u00a0K\u0131br\u0131s T\u00fcrk Gazeteciler Birli\u011fi her y\u0131l 11 Temmuz\u2019da kutlanan Bas\u0131n G\u00fcn\u00fc\u2019nde Birlik \u00fcyesi gazetecilere Medya Ba\u015far\u0131 ve Te\u015fvik \u00d6d\u00fclleri verecek. Medya Ba\u015far\u0131 ve Te\u015fvik \u00d6d\u00fclleri<span class=\"excerpt-hellip\"> [\u2026]<\/span><\/p>\n","protected":false},"author":2,"featured_media":2789,"comment_status":"closed","ping_status":"closed","sticky":false,"template":"","format":"standard","meta":{"footnotes":""},"categories":[28,1,15],"tags":[],"_links":{"self":[{"href":"https:\/\/gazetecilerbirligi.com\/index.php?rest_route=\/wp\/v2\/posts\/3090"}],"collection":[{"href":"https:\/\/gazetecilerbirligi.com\/index.php?rest_route=\/wp\/v2\/posts"}],"about":[{"href":"https:\/\/gazetecilerbirligi.com\/index.php?rest_route=\/wp\/v2\/types\/post"}],"author":[{"embeddable":true,"href":"https:\/\/gazetecilerbirligi.com\/index.php?rest_route=\/wp\/v2\/users\/2"}],"replies":[{"embeddable":true,"href":"https:\/\/gazetecilerbirligi.com\/index.php?rest_route=%2Fwp%2Fv2%2Fcomments&post=3090"}],"version-history":[{"count":0,"href":"https:\/\/gazetecilerbirligi.com\/index.php?rest_route=\/wp\/v2\/posts\/3090\/revisions"}],"wp:featuredmedia":[{"embeddable":true,"href":"https:\/\/gazetecilerbirligi.com\/index.php?rest_route=\/wp\/v2\/media\/2789"}],"wp:attachment":[{"href":"https:\/\/gazetecilerbirligi.com\/index.php?rest_route=%2Fwp%2Fv2%2Fmedia&parent=3090"}],"wp:term":[{"taxonomy":"category","embeddable":true,"href":"https:\/\/gazetecilerbirligi.com\/index.php?rest_route=%2Fwp%2Fv2%2Fcategories&post=3090"},{"taxonomy":"post_tag","embeddable":true,"href":"https:\/\/gazetecilerbirligi.com\/index.php?rest_route=%2Fwp%2Fv2%2Ftags&post=3090"}],"curies":[{"name":"wp","href":"https:\/\/api.w.org\/{rel}","templated":true}]}}