{"id":3086,"date":"2022-05-05T11:52:19","date_gmt":"2022-05-05T08:52:19","guid":{"rendered":"https:\/\/gazetecilerbirligi.com\/?p=3086"},"modified":"2022-05-05T11:52:19","modified_gmt":"2022-05-05T08:52:19","slug":"kibris-turk-basin-tarihi-belgeselinin-galasi-9-mayista","status":"publish","type":"post","link":"https:\/\/gazetecilerbirligi.com\/?p=3086","title":{"rendered":"KIBRIS T\u00dcRK BASIN TAR\u0130H\u0130 BELGESEL\u0130N\u0130N GALASI 9 MAYIS\u2019TA"},"content":{"rendered":"<p>K\u0131br\u0131s T\u00fcrk Gazeteciler Birli\u011fi\u2019nin AB taraf\u0131ndan finanse edilen \u201cM\u00fcmk\u00fcn: Daha G\u00fc\u00e7l\u00fc, \u00d6zg\u00fcr, Etik Gazetecilik Projesi\u201d kapsam\u0131nda haz\u0131rlanan \u201cK\u0131br\u0131s T\u00fcrk Bas\u0131n Tarihi\u201d belgeselinin galas\u0131 9 May\u0131s Pazartesi g\u00fcn\u00fc yap\u0131l\u0131yor.<\/p>\n<p>KTGB \u00fcyelerinin davetli oldu\u011fu belgesel galas\u0131, saat 20.00\u2019de KTGB Konferans Salonu\u2019nda yer alacak.<\/p>\n<p>Senaryo yazarl\u0131\u011f\u0131n\u0131 ve y\u00f6netmenli\u011fini Vasvi \u00c7ift\u00e7io\u011flu\u2019nun yapt\u0131\u011f\u0131 \u201cK\u0131br\u0131s T\u00fcrk Bas\u0131n Tarihi\u201d belgeseli, K\u0131br\u0131s\u2019ta Osmanl\u0131 T\u00fcrk\u00e7esi\u2019yle yay\u0131mlanan ilk gazete \u00dcmid\u2019den bug\u00fcne kadarki s\u00fcreci konu al\u0131yor.<\/p>\n<p>Ar\u015fiv bilgileri, gazete kup\u00fcrleri ve grafikler yan\u0131nda bir\u00e7ok gazeteci, ara\u015ft\u0131rmac\u0131-yazar ve foto\u011fraf\u00e7\u0131 ile yap\u0131lan r\u00f6portajlarla zenginle\u015ftirilen K\u0131br\u0131s T\u00fcrk Bas\u0131n Tarihi Belgeseli, KTGB\u2019nin 2012 y\u0131l\u0131nda yay\u0131mlad\u0131\u011f\u0131 \u201cK\u0131br\u0131s T\u00fcrk Bas\u0131n Tarihi\u201d kitab\u0131ndan sonra K\u0131br\u0131s T\u00fcrk bas\u0131n tarihiyle ilgili yeni bir \u00f6nemli kaynak niteli\u011fi ta\u015f\u0131yor.<\/p>\n","protected":false},"excerpt":{"rendered":"<p>K\u0131br\u0131s T\u00fcrk Gazeteciler Birli\u011fi\u2019nin AB taraf\u0131ndan finanse edilen \u201cM\u00fcmk\u00fcn: Daha G\u00fc\u00e7l\u00fc, \u00d6zg\u00fcr, Etik Gazetecilik Projesi\u201d kapsam\u0131nda haz\u0131rlanan \u201cK\u0131br\u0131s T\u00fcrk Bas\u0131n Tarihi\u201d belgeselinin galas\u0131 9 May\u0131s Pazartesi<span class=\"excerpt-hellip\"> [\u2026]<\/span><\/p>\n","protected":false},"author":2,"featured_media":3087,"comment_status":"closed","ping_status":"closed","sticky":false,"template":"","format":"standard","meta":{"footnotes":""},"categories":[28,1,15],"tags":[],"_links":{"self":[{"href":"https:\/\/gazetecilerbirligi.com\/index.php?rest_route=\/wp\/v2\/posts\/3086"}],"collection":[{"href":"https:\/\/gazetecilerbirligi.com\/index.php?rest_route=\/wp\/v2\/posts"}],"about":[{"href":"https:\/\/gazetecilerbirligi.com\/index.php?rest_route=\/wp\/v2\/types\/post"}],"author":[{"embeddable":true,"href":"https:\/\/gazetecilerbirligi.com\/index.php?rest_route=\/wp\/v2\/users\/2"}],"replies":[{"embeddable":true,"href":"https:\/\/gazetecilerbirligi.com\/index.php?rest_route=%2Fwp%2Fv2%2Fcomments&post=3086"}],"version-history":[{"count":0,"href":"https:\/\/gazetecilerbirligi.com\/index.php?rest_route=\/wp\/v2\/posts\/3086\/revisions"}],"wp:featuredmedia":[{"embeddable":true,"href":"https:\/\/gazetecilerbirligi.com\/index.php?rest_route=\/wp\/v2\/media\/3087"}],"wp:attachment":[{"href":"https:\/\/gazetecilerbirligi.com\/index.php?rest_route=%2Fwp%2Fv2%2Fmedia&parent=3086"}],"wp:term":[{"taxonomy":"category","embeddable":true,"href":"https:\/\/gazetecilerbirligi.com\/index.php?rest_route=%2Fwp%2Fv2%2Fcategories&post=3086"},{"taxonomy":"post_tag","embeddable":true,"href":"https:\/\/gazetecilerbirligi.com\/index.php?rest_route=%2Fwp%2Fv2%2Ftags&post=3086"}],"curies":[{"name":"wp","href":"https:\/\/api.w.org\/{rel}","templated":true}]}}