{"id":2959,"date":"2021-12-23T12:36:08","date_gmt":"2021-12-23T09:36:08","guid":{"rendered":"https:\/\/gazetecilerbirligi.com\/?p=2959"},"modified":"2021-12-23T12:36:08","modified_gmt":"2021-12-23T09:36:08","slug":"gazeteciler-birligi-genc-iletisimcilerle-bulusuyor","status":"publish","type":"post","link":"https:\/\/gazetecilerbirligi.com\/?p=2959","title":{"rendered":"Gazeteciler Birli\u011fi, gen\u00e7 ileti\u015fimcilerle bulu\u015fuyor"},"content":{"rendered":"<p>K\u0131br\u0131s T\u00fcrk Gazeteciler Birli\u011fi (KTGB) gen\u00e7 ileti\u015fimcilerle e\u011fitim \u00e7al\u0131\u015fmas\u0131nda bir araya geliyor.<\/p>\n<p>\u00dclkemiz \u00fcniversitelerindeki ileti\u015fim fak\u00fclteleriyle kurumsal i\u015fbirli\u011fini geli\u015ftiren KTGB, ileti\u015fim fak\u00fcltelerinde e\u011fitim g\u00f6ren \u00f6\u011frencilere y\u00f6nelik sertifika program\u0131 d\u00fczenliyor.<\/p>\n<p>DA\u00dc, YD\u00dc, UK\u00dc, LA\u00dc ve ARUCAD ileti\u015fim fak\u00fcltelerinin belirledi\u011fi konularda KTGB \u00fcyesi gazeteciler deneyimlerini \u00f6\u011frencilerle payla\u015facak.<\/p>\n<p>\u0130leti\u015fim fak\u00fcltelerinin talep etti\u011fi konularda gen\u00e7 ileti\u015fimcilerle bir araya gelecek olan KTGB \u00fcyeleri, \u00fcniversitelerde medyada etik, geleneksel medyadan dijital medyaya d\u00f6n\u00fc\u015f\u00fcm, yeni medyan\u0131n yol a\u00e7t\u0131\u011f\u0131 h\u0131z ve hata, yeni medyadaki i\u015f olanaklar\u0131 ve yeni medya pratikleri anlat\u0131lacak.<\/p>\n<p>K\u0131br\u0131s T\u00fcrk Gazeteciler Birli\u011fi\u2019nin AB finansman\u0131nda y\u00fcr\u00fct\u00fclen \u201cM\u00fcmk\u00fcn\u201d projesi kapsam\u0131nda d\u00fczenlenen sertifika program\u0131n\u0131n ilk aya\u011f\u0131 \u00fcniversitelerde yap\u0131lacak. Daha sonra ilk \u00e7al\u0131\u015fmaya kat\u0131lan gen\u00e7 ileti\u015fimciler KTGB Kompleksinde organize edilecek iki e\u011fitime daha kat\u0131lacak.<\/p>\n<p>KTGB Kompleksi\u2019ndeki konferans salonunda dil ve dezavantajl\u0131 gruplarla ilgili medyada yer alan yayg\u0131n hatalara dikkat \u00e7ekip do\u011fru ifadelerin aktar\u0131laca\u011f\u0131 gen\u00e7 gazetecilere \u00fc\u00e7\u00fcnc\u00fc e\u011fitim program\u0131nda da K\u0131br\u0131s T\u00fcrk medyas\u0131n\u0131n yap\u0131s\u0131n\u0131 i\u00e7eren bir sunum yap\u0131lacak.<\/p>\n<p><strong>Ama\u00e7, gen\u00e7 ileti\u015fimcileri mesle\u011fe haz\u0131rlamak<\/strong><\/p>\n<p>\u0130leti\u015fim fak\u00fclteleriyle kurumsal i\u015fbirli\u011finin daha da geli\u015ftirilerek, bu e\u011fitimlerle \u00fcniversitelerimizde e\u011fitim g\u00f6ren gazeteci adaylar\u0131n\u0131 mesle\u011fe haz\u0131rlamay\u0131 ama\u00e7lad\u0131klar\u0131n\u0131 kaydeden Gazeteciler Birli\u011fi Ba\u015fkan\u0131 Emin Akkor, y\u0131llar\u0131n\u0131 K\u0131br\u0131s T\u00fcrk bas\u0131n\u0131na adayan gazetecilerin d\u00fczenlenecek e\u011fitim \u00e7al\u0131\u015fmalar\u0131nda deneyimlerini gen\u00e7 gazetecilere aktaracaklar\u0131n\u0131 kaydetti.<\/p>\n<p>\u00d6\u011frencileri teorik bilgiyle donatan ileti\u015fim fak\u00fcltelerinin, bu i\u015fbirli\u011fiyle pratik bilgiyle de \u00f6\u011frencilerinin beslenmesine imkan verilmesinin \u00f6nemli bir kazan\u0131m oldu\u011funun alt\u0131n\u0131 \u00e7izen Emin Akkor, DA\u00dc, YD\u00dc, UK\u00dc, LA\u00dc ve ARUCAD dekanlar\u0131na buna imkan verdikleri i\u00e7in te\u015fekk\u00fcr etti.<\/p>\n<p>&nbsp;<\/p>\n","protected":false},"excerpt":{"rendered":"<p>K\u0131br\u0131s T\u00fcrk Gazeteciler Birli\u011fi (KTGB) gen\u00e7 ileti\u015fimcilerle e\u011fitim \u00e7al\u0131\u015fmas\u0131nda bir araya geliyor. \u00dclkemiz \u00fcniversitelerindeki ileti\u015fim fak\u00fclteleriyle kurumsal i\u015fbirli\u011fini geli\u015ftiren KTGB, ileti\u015fim fak\u00fcltelerinde e\u011fitim g\u00f6ren \u00f6\u011frencilere y\u00f6nelik<span class=\"excerpt-hellip\"> [\u2026]<\/span><\/p>\n","protected":false},"author":2,"featured_media":2844,"comment_status":"closed","ping_status":"closed","sticky":false,"template":"","format":"standard","meta":{"footnotes":""},"categories":[28,1,15],"tags":[],"_links":{"self":[{"href":"https:\/\/gazetecilerbirligi.com\/index.php?rest_route=\/wp\/v2\/posts\/2959"}],"collection":[{"href":"https:\/\/gazetecilerbirligi.com\/index.php?rest_route=\/wp\/v2\/posts"}],"about":[{"href":"https:\/\/gazetecilerbirligi.com\/index.php?rest_route=\/wp\/v2\/types\/post"}],"author":[{"embeddable":true,"href":"https:\/\/gazetecilerbirligi.com\/index.php?rest_route=\/wp\/v2\/users\/2"}],"replies":[{"embeddable":true,"href":"https:\/\/gazetecilerbirligi.com\/index.php?rest_route=%2Fwp%2Fv2%2Fcomments&post=2959"}],"version-history":[{"count":0,"href":"https:\/\/gazetecilerbirligi.com\/index.php?rest_route=\/wp\/v2\/posts\/2959\/revisions"}],"wp:featuredmedia":[{"embeddable":true,"href":"https:\/\/gazetecilerbirligi.com\/index.php?rest_route=\/wp\/v2\/media\/2844"}],"wp:attachment":[{"href":"https:\/\/gazetecilerbirligi.com\/index.php?rest_route=%2Fwp%2Fv2%2Fmedia&parent=2959"}],"wp:term":[{"taxonomy":"category","embeddable":true,"href":"https:\/\/gazetecilerbirligi.com\/index.php?rest_route=%2Fwp%2Fv2%2Fcategories&post=2959"},{"taxonomy":"post_tag","embeddable":true,"href":"https:\/\/gazetecilerbirligi.com\/index.php?rest_route=%2Fwp%2Fv2%2Ftags&post=2959"}],"curies":[{"name":"wp","href":"https:\/\/api.w.org\/{rel}","templated":true}]}}