{"id":2920,"date":"2021-10-10T16:43:58","date_gmt":"2021-10-10T13:43:58","guid":{"rendered":"https:\/\/gazetecilerbirligi.com\/?p=2920"},"modified":"2021-10-10T16:43:58","modified_gmt":"2021-10-10T13:43:58","slug":"basin-sen-baskani-ali-kismirin-istanbulda-maruz-kaldigi-uygulama-kabul-edilemez","status":"publish","type":"post","link":"https:\/\/gazetecilerbirligi.com\/?p=2920","title":{"rendered":"Bas\u0131n-Sen Ba\u015fkan\u0131 Ali Ki\u015fmir\u2019in \u0130stanbul\u2019da maruz kald\u0131\u011f\u0131 uygulama kabul edilemez."},"content":{"rendered":"<p>SIRADA K\u0130M VAR?<\/p>\n<p>Bas\u0131n-Sen Ba\u015fkan\u0131 Ali Ki\u015fmir\u2019in \u0130stanbul\u2019da maruz kald\u0131\u011f\u0131 uygulama kabul edilemez.<\/p>\n<p>Temmuz ay\u0131nda 4. Cumhurba\u015fkan\u0131 Mustafa Ak\u0131nc\u0131\u2019n\u0131n bas\u0131n ve ileti\u015fim dan\u0131\u015fman\u0131 Ali Bizden ile ara\u015ft\u0131rmac\u0131 yazar Ahmet An\u2019\u0131n milli g\u00fcvenli\u011fe zararl\u0131 olduklar\u0131 gerek\u00e7esiyle T\u00fcrkiye\u2019ye giri\u015flerine izin verilmemesinin \u00fczerinden 3 ay ge\u00e7ti\u011fi halde kamuoyuna gerekli a\u00e7\u0131klamalar yap\u0131lmam\u0131\u015fken, bug\u00fcn ayn\u0131 gerek\u00e7eyle bir gazetecinin daha T\u00fcrkiye\u2019ye giri\u015fine izin verilmedi.<\/p>\n<p>Bas\u0131n Emek\u00e7ileri Sendikas\u0131 (Bas\u0131n-Sen) Ba\u015fkan\u0131, gazeteci Ali Ki\u015fmir, H\u0131rvatistan d\u00f6n\u00fc\u015f\u00fc, KKTC\u2019ye geli\u015fi \u00f6ncesinde ihtiya\u00e7 duydu\u011fu PCR testini yapt\u0131rmak amac\u0131yla \u0130stanbul\u2019da transit yolcu b\u00f6l\u00fcm\u00fcnden pasaport kontrol\u00fcne gidince Polis taraf\u0131ndan \u201cgiri\u015f yasa\u011f\u0131\u201d oldu\u011fu gerek\u00e7esiyle bir sonraki u\u00e7u\u015fa kadar bir odada bekletildi. Ki\u015fmir\u2019in bu s\u00fcre\u00e7te maruz kald\u0131\u011f\u0131 uygulama kabul edilebilir de\u011fildir.<\/p>\n<p>K\u0131br\u0131s T\u00fcrk Gazeteciler Birli\u011fi, 3\u2019\u00fcnc\u00fc kez ya\u015fanan bu durumu, insan haklar\u0131na, bas\u0131n ve ifade \u00f6zg\u00fcrl\u00fc\u011f\u00fcne y\u00f6nelik bir tehdit olarak g\u00f6rmekte ve ister istemez \u201cs\u0131radaki kim olacak\u201d diye sorgulamaktad\u0131r.<\/p>\n<p>Gazetecilerin hangi gerek\u00e7eyle olursa olsun bir \u00fclkeye giri\u015fine engel olunmas\u0131 ifade ve bas\u0131n \u00f6zg\u00fcrl\u00fc\u011f\u00fcne bir darbedir, korku devleti yaratmaya y\u00f6nelik ciddi bir hamledir.<\/p>\n<p>Bu nedenle kamuoyunda dola\u015ft\u0131\u011f\u0131 duyulan ve aralar\u0131nda \u00fcyelerimizin de bulundu\u011fu Ali Ki\u015fmir\u2019in giri\u015f yasa\u011f\u0131 ile ortaya \u00e7\u0131kan \u201cyasakl\u0131 listesi\u201dnin a\u00e7\u0131klanmas\u0131n\u0131 ve s\u00f6z konusu listede yer alan gazetecilerin hangi gerek\u00e7elerle T\u00fcrkiye\u2019ye giri\u015flerinin yasakland\u0131\u011f\u0131n\u0131n a\u00e7\u0131klanmas\u0131n\u0131 bir kez daha talep ediyoruz.<\/p>\n<p>Temmuz ay\u0131nda ya\u015fanan olaylar\u0131n ard\u0131ndan giri\u015fim yapt\u0131\u011f\u0131n\u0131 duyuran D\u0131\u015fi\u015fleri Bakanl\u0131\u011f\u0131\u2019n\u0131n bug\u00fcne kadar bu konuda herhangi bir a\u00e7\u0131klama yapmad\u0131\u011f\u0131n\u0131 da hat\u0131rlatarak KKTC Cumhurba\u015fkanl\u0131\u011f\u0131 ve h\u00fck\u00fcmetinin, bu konuda gerekli giri\u015fimi yap\u0131p kamuoyunu ve bizleri ayd\u0131nlatmakla y\u00fck\u00fcml\u00fc oldu\u011funu vurgulamak isteriz.<\/p>\n<p>K\u0131br\u0131s T\u00fcrk Gazeteciler Birli\u011fi Y\u00f6netim Kurulu<\/p>\n","protected":false},"excerpt":{"rendered":"<p>SIRADA K\u0130M VAR? Bas\u0131n-Sen Ba\u015fkan\u0131 Ali Ki\u015fmir\u2019in \u0130stanbul\u2019da maruz kald\u0131\u011f\u0131 uygulama kabul edilemez. Temmuz ay\u0131nda 4. Cumhurba\u015fkan\u0131 Mustafa Ak\u0131nc\u0131\u2019n\u0131n bas\u0131n ve ileti\u015fim dan\u0131\u015fman\u0131 Ali Bizden ile<span class=\"excerpt-hellip\"> [\u2026]<\/span><\/p>\n","protected":false},"author":2,"featured_media":2844,"comment_status":"closed","ping_status":"closed","sticky":false,"template":"","format":"standard","meta":{"footnotes":""},"categories":[28,1,15],"tags":[],"_links":{"self":[{"href":"https:\/\/gazetecilerbirligi.com\/index.php?rest_route=\/wp\/v2\/posts\/2920"}],"collection":[{"href":"https:\/\/gazetecilerbirligi.com\/index.php?rest_route=\/wp\/v2\/posts"}],"about":[{"href":"https:\/\/gazetecilerbirligi.com\/index.php?rest_route=\/wp\/v2\/types\/post"}],"author":[{"embeddable":true,"href":"https:\/\/gazetecilerbirligi.com\/index.php?rest_route=\/wp\/v2\/users\/2"}],"replies":[{"embeddable":true,"href":"https:\/\/gazetecilerbirligi.com\/index.php?rest_route=%2Fwp%2Fv2%2Fcomments&post=2920"}],"version-history":[{"count":0,"href":"https:\/\/gazetecilerbirligi.com\/index.php?rest_route=\/wp\/v2\/posts\/2920\/revisions"}],"wp:featuredmedia":[{"embeddable":true,"href":"https:\/\/gazetecilerbirligi.com\/index.php?rest_route=\/wp\/v2\/media\/2844"}],"wp:attachment":[{"href":"https:\/\/gazetecilerbirligi.com\/index.php?rest_route=%2Fwp%2Fv2%2Fmedia&parent=2920"}],"wp:term":[{"taxonomy":"category","embeddable":true,"href":"https:\/\/gazetecilerbirligi.com\/index.php?rest_route=%2Fwp%2Fv2%2Fcategories&post=2920"},{"taxonomy":"post_tag","embeddable":true,"href":"https:\/\/gazetecilerbirligi.com\/index.php?rest_route=%2Fwp%2Fv2%2Ftags&post=2920"}],"curies":[{"name":"wp","href":"https:\/\/api.w.org\/{rel}","templated":true}]}}