{"id":2838,"date":"2021-07-14T11:30:15","date_gmt":"2021-07-14T08:30:15","guid":{"rendered":"https:\/\/gazetecilerbirligi.com\/?p=2838"},"modified":"2021-07-14T11:30:15","modified_gmt":"2021-07-14T08:30:15","slug":"ulkemizde-her-bireyin-uzerine-titremesi-gereken-demokrasi-fikir-ve-basin-ozgurlugunun-cogulculugun-ve-hosgorunun-son-zamanlarda-aldigi-darbeler-kaygi-vericidir","status":"publish","type":"post","link":"https:\/\/gazetecilerbirligi.com\/?p=2838","title":{"rendered":"\u00dclkemizde her bireyin \u00fczerine titremesi gereken demokrasi, fikir ve bas\u0131n \u00f6zg\u00fcrl\u00fc\u011f\u00fcn\u00fcn, \u00e7o\u011fulculu\u011fun ve ho\u015fg\u00f6r\u00fcn\u00fcn son zamanlarda ald\u0131\u011f\u0131 darbeler kayg\u0131 vericidir."},"content":{"rendered":"<p>\u00dclkemizde her bireyin \u00fczerine titremesi gereken demokrasi, fikir ve bas\u0131n \u00f6zg\u00fcrl\u00fc\u011f\u00fcn\u00fcn, \u00e7o\u011fulculu\u011fun ve ho\u015fg\u00f6r\u00fcn\u00fcn son zamanlarda ald\u0131\u011f\u0131 darbeler kayg\u0131 vericidir.<\/p>\n<p>K\u0131br\u0131s T\u00fcrk Gazeteciler Birli\u011fi, \u00f6d\u00fcn verilemeyecek bu de\u011ferler i\u00e7in tarihi boyunca \u00f6nemli m\u00fccadeleler vermi\u015f, \u00fclkenin ayd\u0131n kesimlerinden biri olan gazetecilerin temsilcisidir.<\/p>\n<p>Bas\u0131n ve ifade \u00f6zg\u00fcrl\u00fc\u011f\u00fcne yap\u0131lan her sald\u0131r\u0131n\u0131n, uygulanan her k\u0131s\u0131tlaman\u0131n ve sans\u00fcr\u00fcn, ayr\u0131ca gazetecilerin i\u015ften at\u0131lmas\u0131na kadar varan ho\u015fg\u00f6r\u00fcs\u00fczl\u00fc\u011f\u00fcn kar\u015f\u0131s\u0131nda yer ald\u0131\u011f\u0131m\u0131z\u0131 ve bunlar\u0131 k\u0131nad\u0131\u011f\u0131m\u0131z\u0131 bir kez daha vurgulamakta yarar g\u00f6r\u00fcyoruz.<\/p>\n<p>4. Cumhurba\u015fkan\u0131 Mustafa Ak\u0131nc\u0131\u2019n\u0131n bas\u0131n ve ileti\u015fim dan\u0131\u015fman\u0131 Ali Bizden\u2019in, ard\u0131ndan da \u00fclkemizin ayd\u0131n isimlerinden t\u0131p doktoru, ara\u015ft\u0131rmac\u0131 yazar Ahmet An\u2019\u0131n g\u00fcvenli\u011fe zararl\u0131 olduklar\u0131 gerek\u00e7esiyle T\u00fcrkiye\u2019ye giri\u015flerine izin verilmeyerek s\u0131n\u0131r d\u0131\u015f\u0131 edilmeleri ve sonras\u0131ndaki s\u00fcre\u00e7te hi\u00e7bir resmi a\u00e7\u0131klama yap\u0131lmamas\u0131 rahats\u0131zl\u0131k vericidir.<\/p>\n<p>Yetkililerin bu konudaki sessizli\u011fi yan\u0131nda kamuoyunda dola\u015ft\u0131\u011f\u0131 duyumlar\u0131 al\u0131nan \u201cyasakl\u0131 listeleri\u201d i\u00e7erisinde gazetecilerin de olmas\u0131 ya\u015fanan geli\u015fmeleri ifade \u00f6zg\u00fcrl\u00fc\u011f\u00fc a\u00e7\u0131s\u0131ndan bir tehdit olarak de\u011ferlendirmemizi zorunlu k\u0131lmaktad\u0131r.<\/p>\n<p>Bu iki olay g\u00fcndemdeki s\u0131cakl\u0131\u011f\u0131 korurken, bir ba\u015fka meslekta\u015f\u0131m\u0131z ve \u00fcyemiz olan Serhat \u0130ncirli\u2019nin Kanal T televizyonundan kovulmas\u0131 ve \u00fcst\u00fcne \u00fcstl\u00fck bu karar\u0131 alanlar\u0131n bir de 8 Temmuz tarihli yay\u0131n i\u00e7eri\u011fiyle ilgili avukatlar\u0131n\u0131n gerekli \u00e7al\u0131\u015fmay\u0131 ba\u015flatt\u0131\u011f\u0131n\u0131 a\u00e7\u0131klamas\u0131 da ho\u015fg\u00f6r\u00fcs\u00fczl\u00fc\u011f\u00fcn ve bu kararda baz\u0131 \u00fcst makamlar\u0131n etkisini g\u00f6stermektedir.<\/p>\n<p>K\u0131br\u0131s T\u00fcrk bas\u0131n\u0131 ve K\u0131br\u0131s T\u00fcrk halk\u0131, demokrasi ve bas\u0131n \u00f6zg\u00fcrl\u00fc\u011f\u00fc yolunda bug\u00fcne kadar \u015fehitler vermi\u015f, bedel \u00f6demi\u015ftir. D\u00fc\u015f\u00fcnce farkl\u0131l\u0131klar\u0131na bile tahamm\u00fcl edemeyen zihniyetin icraatlar\u0131 kar\u015f\u0131s\u0131nda d\u00fcn oldu\u011fu gibi bug\u00fcn de susmayaca\u011f\u0131z.<\/p>\n<p>&nbsp;<\/p>\n<p>&nbsp;<\/p>\n","protected":false},"excerpt":{"rendered":"<p>\u00dclkemizde her bireyin \u00fczerine titremesi gereken demokrasi, fikir ve bas\u0131n \u00f6zg\u00fcrl\u00fc\u011f\u00fcn\u00fcn, \u00e7o\u011fulculu\u011fun ve ho\u015fg\u00f6r\u00fcn\u00fcn son zamanlarda ald\u0131\u011f\u0131 darbeler kayg\u0131 vericidir. K\u0131br\u0131s T\u00fcrk Gazeteciler Birli\u011fi, \u00f6d\u00fcn verilemeyecek<span class=\"excerpt-hellip\"> [\u2026]<\/span><\/p>\n","protected":false},"author":2,"featured_media":2662,"comment_status":"closed","ping_status":"closed","sticky":false,"template":"","format":"standard","meta":{"footnotes":""},"categories":[31,28,32],"tags":[],"_links":{"self":[{"href":"https:\/\/gazetecilerbirligi.com\/index.php?rest_route=\/wp\/v2\/posts\/2838"}],"collection":[{"href":"https:\/\/gazetecilerbirligi.com\/index.php?rest_route=\/wp\/v2\/posts"}],"about":[{"href":"https:\/\/gazetecilerbirligi.com\/index.php?rest_route=\/wp\/v2\/types\/post"}],"author":[{"embeddable":true,"href":"https:\/\/gazetecilerbirligi.com\/index.php?rest_route=\/wp\/v2\/users\/2"}],"replies":[{"embeddable":true,"href":"https:\/\/gazetecilerbirligi.com\/index.php?rest_route=%2Fwp%2Fv2%2Fcomments&post=2838"}],"version-history":[{"count":0,"href":"https:\/\/gazetecilerbirligi.com\/index.php?rest_route=\/wp\/v2\/posts\/2838\/revisions"}],"wp:featuredmedia":[{"embeddable":true,"href":"https:\/\/gazetecilerbirligi.com\/index.php?rest_route=\/wp\/v2\/media\/2662"}],"wp:attachment":[{"href":"https:\/\/gazetecilerbirligi.com\/index.php?rest_route=%2Fwp%2Fv2%2Fmedia&parent=2838"}],"wp:term":[{"taxonomy":"category","embeddable":true,"href":"https:\/\/gazetecilerbirligi.com\/index.php?rest_route=%2Fwp%2Fv2%2Fcategories&post=2838"},{"taxonomy":"post_tag","embeddable":true,"href":"https:\/\/gazetecilerbirligi.com\/index.php?rest_route=%2Fwp%2Fv2%2Ftags&post=2838"}],"curies":[{"name":"wp","href":"https:\/\/api.w.org\/{rel}","templated":true}]}}