{"id":2819,"date":"2021-07-13T12:07:49","date_gmt":"2021-07-13T09:07:49","guid":{"rendered":"https:\/\/gazetecilerbirligi.com\/?p=2819"},"modified":"2021-07-13T12:07:49","modified_gmt":"2021-07-13T09:07:49","slug":"gazeteciler-birligi-olaganustu-genel-kurulu-yapildi-yeni-yonetim-secildi","status":"publish","type":"post","link":"https:\/\/gazetecilerbirligi.com\/?p=2819","title":{"rendered":"Gazeteciler Birli\u011fi Ola\u011fan\u00fcst\u00fc Genel Kurulu yap\u0131ld\u0131, yeni y\u00f6netim se\u00e7ildi"},"content":{"rendered":"<p>K\u0131br\u0131s T\u00fcrk Gazeteciler Birli\u011fi\u2019nin (KTGB) ola\u011fan\u00fcst\u00fc genel kurulu 10 Temmuz\u2019da yap\u0131ld\u0131; birli\u011fin yeni y\u00f6netim, denetleme ve onur kurulu \u00fcyeleri se\u00e7ildi.<\/p>\n<p>&nbsp;<\/p>\n<p>&nbsp;<\/p>\n<p>Lefko\u015fa\u2019da KTGB Kompleksi\u2019ndeki Paradise Park\u2019ta sabah saatlerinde ba\u015flayan genel kurulda \u00f6nce, bu y\u0131l pandemi nedeniyle 11 Temmuz Bas\u0131n G\u00fcn\u00fc\u2019nde t\u00f6ren yap\u0131lamayaca\u011f\u0131 i\u00e7in gazetecilik ba\u015far\u0131 \u00f6d\u00fclleri ve hizmet onur \u00f6d\u00fclleri da\u011f\u0131t\u0131ld\u0131.<\/p>\n<p><img decoding=\"async\" loading=\"lazy\" class=\"alignnone size-full wp-image-2829\" src=\"https:\/\/gazetecilerbirligi.com\/wp-content\/uploads\/2021\/07\/KTGB-OLAGANUSTU-GENEL-KURULU-YAPILDI.jpg\" alt=\"\" width=\"500\" height=\"250\" srcset=\"https:\/\/gazetecilerbirligi.com\/wp-content\/uploads\/2021\/07\/KTGB-OLAGANUSTU-GENEL-KURULU-YAPILDI.jpg 500w, https:\/\/gazetecilerbirligi.com\/wp-content\/uploads\/2021\/07\/KTGB-OLAGANUSTU-GENEL-KURULU-YAPILDI-260x130.jpg 260w, https:\/\/gazetecilerbirligi.com\/wp-content\/uploads\/2021\/07\/KTGB-OLAGANUSTU-GENEL-KURULU-YAPILDI-50x25.jpg 50w, https:\/\/gazetecilerbirligi.com\/wp-content\/uploads\/2021\/07\/KTGB-OLAGANUSTU-GENEL-KURULU-YAPILDI-150x75.jpg 150w\" sizes=\"(max-width: 500px) 100vw, 500px\" \/><\/p>\n<p>Ard\u0131ndan Halil Davulcu, Ay\u015fe G\u00fcler ve \u00d6zlem \u00c7imendal\u2019dan olu\u015fan divan kurulu y\u00f6netiminde ola\u011fan\u00fcst\u00fc genel kurula ge\u00e7ildi.<\/p>\n<p><img decoding=\"async\" loading=\"lazy\" class=\"alignnone size-full wp-image-2824\" src=\"https:\/\/gazetecilerbirligi.com\/wp-content\/uploads\/2021\/07\/KTGB-OLAGANUSTU-GENEL-KURULU-4.jpg\" alt=\"\" width=\"500\" height=\"250\" srcset=\"https:\/\/gazetecilerbirligi.com\/wp-content\/uploads\/2021\/07\/KTGB-OLAGANUSTU-GENEL-KURULU-4.jpg 500w, https:\/\/gazetecilerbirligi.com\/wp-content\/uploads\/2021\/07\/KTGB-OLAGANUSTU-GENEL-KURULU-4-260x130.jpg 260w, https:\/\/gazetecilerbirligi.com\/wp-content\/uploads\/2021\/07\/KTGB-OLAGANUSTU-GENEL-KURULU-4-50x25.jpg 50w, https:\/\/gazetecilerbirligi.com\/wp-content\/uploads\/2021\/07\/KTGB-OLAGANUSTU-GENEL-KURULU-4-150x75.jpg 150w\" sizes=\"(max-width: 500px) 100vw, 500px\" \/><\/p>\n<p>Ge\u00e7en d\u00f6nemin faaliyet raporunu eski Ba\u015fkan Ali Cansu, mali raporu da mali sekreter \u0130brahim G\u00fcne\u015fer okudu.<\/p>\n<p>Raporlarla ilgili s\u00f6z alan baz\u0131 \u00fcyeler, hem ele\u015ftiriler yapt\u0131 hem de yeni d\u00f6nemde yap\u0131lmas\u0131 gerekenlerle ilgili g\u00f6r\u00fc\u015f ve \u00f6nerilerini dile getirdi. Her iki rapor da oy \u00e7oklu\u011fuyla onayland\u0131.<\/p>\n<p>Gazeteciler Birli\u011fi\u2019nin ola\u011fan\u00fcst\u00fc genel kurulunda daha sonra y\u00f6netim, denetleme ve onur kurullar\u0131 i\u00e7in se\u00e7imlere ge\u00e7ildi.<\/p>\n<p><img decoding=\"async\" loading=\"lazy\" class=\"alignnone size-full wp-image-2827\" src=\"https:\/\/gazetecilerbirligi.com\/wp-content\/uploads\/2021\/07\/KTGB-OLAGANUSTU-GENEL-KURULU-YAPILDI-1.jpg\" alt=\"\" width=\"500\" height=\"250\" srcset=\"https:\/\/gazetecilerbirligi.com\/wp-content\/uploads\/2021\/07\/KTGB-OLAGANUSTU-GENEL-KURULU-YAPILDI-1.jpg 500w, https:\/\/gazetecilerbirligi.com\/wp-content\/uploads\/2021\/07\/KTGB-OLAGANUSTU-GENEL-KURULU-YAPILDI-1-260x130.jpg 260w, https:\/\/gazetecilerbirligi.com\/wp-content\/uploads\/2021\/07\/KTGB-OLAGANUSTU-GENEL-KURULU-YAPILDI-1-50x25.jpg 50w, https:\/\/gazetecilerbirligi.com\/wp-content\/uploads\/2021\/07\/KTGB-OLAGANUSTU-GENEL-KURULU-YAPILDI-1-150x75.jpg 150w\" sizes=\"(max-width: 500px) 100vw, 500px\" \/><img decoding=\"async\" loading=\"lazy\" class=\"alignnone size-full wp-image-2828\" src=\"https:\/\/gazetecilerbirligi.com\/wp-content\/uploads\/2021\/07\/KTGB-OLAGANUSTU-GENEL-KURULU-YAPILDI-2.jpg\" alt=\"\" width=\"500\" height=\"250\" srcset=\"https:\/\/gazetecilerbirligi.com\/wp-content\/uploads\/2021\/07\/KTGB-OLAGANUSTU-GENEL-KURULU-YAPILDI-2.jpg 500w, https:\/\/gazetecilerbirligi.com\/wp-content\/uploads\/2021\/07\/KTGB-OLAGANUSTU-GENEL-KURULU-YAPILDI-2-260x130.jpg 260w, https:\/\/gazetecilerbirligi.com\/wp-content\/uploads\/2021\/07\/KTGB-OLAGANUSTU-GENEL-KURULU-YAPILDI-2-50x25.jpg 50w, https:\/\/gazetecilerbirligi.com\/wp-content\/uploads\/2021\/07\/KTGB-OLAGANUSTU-GENEL-KURULU-YAPILDI-2-150x75.jpg 150w\" sizes=\"(max-width: 500px) 100vw, 500px\" \/><img decoding=\"async\" loading=\"lazy\" class=\"alignnone size-full wp-image-2830\" src=\"https:\/\/gazetecilerbirligi.com\/wp-content\/uploads\/2021\/07\/KTGB-OLAGANUSTU-GENEL-KURULU-5-1.jpg\" alt=\"\" width=\"500\" height=\"250\" srcset=\"https:\/\/gazetecilerbirligi.com\/wp-content\/uploads\/2021\/07\/KTGB-OLAGANUSTU-GENEL-KURULU-5-1.jpg 500w, https:\/\/gazetecilerbirligi.com\/wp-content\/uploads\/2021\/07\/KTGB-OLAGANUSTU-GENEL-KURULU-5-1-260x130.jpg 260w, https:\/\/gazetecilerbirligi.com\/wp-content\/uploads\/2021\/07\/KTGB-OLAGANUSTU-GENEL-KURULU-5-1-50x25.jpg 50w, https:\/\/gazetecilerbirligi.com\/wp-content\/uploads\/2021\/07\/KTGB-OLAGANUSTU-GENEL-KURULU-5-1-150x75.jpg 150w\" sizes=\"(max-width: 500px) 100vw, 500px\" \/><\/p>\n<p>14 ki\u015finin yar\u0131\u015ft\u0131\u011f\u0131 9 ki\u015filik y\u00f6netim kuruluna Damla Soyalp, Emin Akkor, \u00d6zg\u00fcl G\u00fcrkut Mutluyakal\u0131, \u00d6zlem T\u00fcyl\u00fco\u011flu, H\u00fcseyin Ekmek\u00e7i, \u0130smet \u00d6zg\u00fcren, Canan Onurer, Osman Kurt ve Deniz Abidin se\u00e7ildi. Emir Ertorun ile Nazar Eri\u015fkin ise y\u00f6netim kurulu yedek \u00fcyelikleri oldu.<\/p>\n<p>Denetleme Kurulu Belgin Demirel, \u0130zzet Volkan ve Zafer Kodan\u2019dan olu\u015furken, yedek \u00fcye Cenk Mutluyakal\u0131 oldu.<\/p>\n<p>Onur Kurulu\u2019nda ise S\u00fcleyman Erg\u00fc\u00e7l\u00fc, \u00dcmral Akp\u0131nar ve Ali Baturay g\u00f6rev yapacak. Yedek \u00fcyeli\u011fe de \u00d6d\u00fcl A\u015f\u0131k getirildi.<\/p>\n","protected":false},"excerpt":{"rendered":"<p>K\u0131br\u0131s T\u00fcrk Gazeteciler Birli\u011fi\u2019nin (KTGB) ola\u011fan\u00fcst\u00fc genel kurulu 10 Temmuz\u2019da yap\u0131ld\u0131; birli\u011fin yeni y\u00f6netim, denetleme ve onur kurulu \u00fcyeleri se\u00e7ildi. &nbsp; &nbsp; Lefko\u015fa\u2019da KTGB Kompleksi\u2019ndeki Paradise<span class=\"excerpt-hellip\"> [\u2026]<\/span><\/p>\n","protected":false},"author":2,"featured_media":2825,"comment_status":"closed","ping_status":"closed","sticky":false,"template":"","format":"standard","meta":{"footnotes":""},"categories":[28,1,15],"tags":[],"_links":{"self":[{"href":"https:\/\/gazetecilerbirligi.com\/index.php?rest_route=\/wp\/v2\/posts\/2819"}],"collection":[{"href":"https:\/\/gazetecilerbirligi.com\/index.php?rest_route=\/wp\/v2\/posts"}],"about":[{"href":"https:\/\/gazetecilerbirligi.com\/index.php?rest_route=\/wp\/v2\/types\/post"}],"author":[{"embeddable":true,"href":"https:\/\/gazetecilerbirligi.com\/index.php?rest_route=\/wp\/v2\/users\/2"}],"replies":[{"embeddable":true,"href":"https:\/\/gazetecilerbirligi.com\/index.php?rest_route=%2Fwp%2Fv2%2Fcomments&post=2819"}],"version-history":[{"count":0,"href":"https:\/\/gazetecilerbirligi.com\/index.php?rest_route=\/wp\/v2\/posts\/2819\/revisions"}],"wp:featuredmedia":[{"embeddable":true,"href":"https:\/\/gazetecilerbirligi.com\/index.php?rest_route=\/wp\/v2\/media\/2825"}],"wp:attachment":[{"href":"https:\/\/gazetecilerbirligi.com\/index.php?rest_route=%2Fwp%2Fv2%2Fmedia&parent=2819"}],"wp:term":[{"taxonomy":"category","embeddable":true,"href":"https:\/\/gazetecilerbirligi.com\/index.php?rest_route=%2Fwp%2Fv2%2Fcategories&post=2819"},{"taxonomy":"post_tag","embeddable":true,"href":"https:\/\/gazetecilerbirligi.com\/index.php?rest_route=%2Fwp%2Fv2%2Ftags&post=2819"}],"curies":[{"name":"wp","href":"https:\/\/api.w.org\/{rel}","templated":true}]}}