{"id":2724,"date":"2021-02-27T17:44:39","date_gmt":"2021-02-27T14:44:39","guid":{"rendered":"https:\/\/gazetecilerbirligi.com\/?p=2724"},"modified":"2021-02-27T17:44:39","modified_gmt":"2021-02-27T14:44:39","slug":"meslegimiz-onurumuz-gucumuz-kalemimiz","status":"publish","type":"post","link":"https:\/\/gazetecilerbirligi.com\/?p=2724","title":{"rendered":"MESLE\u011e\u0130M\u0130Z ONURUMUZ, G\u00dcC\u00dcM\u00dcZ KALEM\u0130M\u0130Z!"},"content":{"rendered":"<div class=\"kvgmc6g5 cxmmr5t8 oygrvhab hcukyx3x c1et5uql ii04i59q\">\n<div dir=\"auto\"><\/div>\n<\/div>\n<div class=\"o9v6fnle cxmmr5t8 oygrvhab hcukyx3x c1et5uql ii04i59q\">\n<div dir=\"auto\">1 Mart 2021 Pazartesi g\u00fcn\u00fc yapt\u0131\u011f\u0131m\u0131z i\u015fe sayg\u0131 duyulmas\u0131 ve bize i\u015fimizi kimsenin \u00f6\u011fretmeye kalkmamas\u0131 i\u00e7in y\u00fcr\u00fcyoruz. Bu s\u00fcre\u00e7te hakarete ve tacize u\u011fram\u0131\u015f t\u00fcm meslekta\u015flar\u0131m\u0131za destek i\u015fin soka\u011fa iniyoruz.<\/div>\n<\/div>\n<div class=\"o9v6fnle cxmmr5t8 oygrvhab hcukyx3x c1et5uql ii04i59q\">\n<div dir=\"auto\"><\/div>\n<div dir=\"auto\">Saat 18\u2019de Citroen I\u015f\u0131klar\u0131\u2019nda maske ve mesafe kurallar\u0131na uyarak ba\u015flataca\u011f\u0131m\u0131z y\u00fcr\u00fcy\u00fc\u015f\u00fcm\u00fcz, i\u00e7erisinden ge\u00e7ti\u011fimiz pandemi s\u00fcreci d\u00fc\u015f\u00fcn\u00fclerek ve saat 20.00 itibariyle soka\u011fa \u00e7\u0131kma yasa\u011f\u0131 ba\u015flayaca\u011f\u0131 i\u00e7in, eyleme kat\u0131lacak olan dostlar\u0131m\u0131z\u0131n evlerine g\u00fcvenli bir \u015fekilde d\u00f6nebilmesi maksad\u0131yla k\u0131sa tutulacak, Pronto \u00c7emberi\u2019nde okunacak bas\u0131n a\u00e7\u0131klamas\u0131 ve 15 dakikal\u0131k sessiz oturma eylemiyle son bulacakt\u0131r.<\/div>\n<\/div>\n<div class=\"o9v6fnle cxmmr5t8 oygrvhab hcukyx3x c1et5uql ii04i59q\">\n<div dir=\"auto\"><\/div>\n<div dir=\"auto\">T\u00fcm bas\u0131n emek\u00e7ilerinin bir olmas\u0131 gerekti\u011fi Pazartesi g\u00fcn\u00fc toplumumuzun deste\u011finin yan\u0131m\u0131zda oldu\u011funun bilincindeyiz. Binlerce y\u00fcre\u011fin sesi olaca\u011f\u0131m\u0131z bu eyleme t\u00fcm bas\u0131n emek\u00e7ilerinin kat\u0131lmas\u0131 g\u00fcc\u00fcm\u00fcze g\u00fc\u00e7 katacakt\u0131r.<\/div>\n<\/div>\n<div class=\"o9v6fnle cxmmr5t8 oygrvhab hcukyx3x c1et5uql ii04i59q\">\n<div dir=\"auto\"><\/div>\n<div dir=\"auto\">Mesle\u011fimiz onurumuz, g\u00fcc\u00fcm\u00fcz kalemimiz!<\/div>\n<\/div>\n","protected":false},"excerpt":{"rendered":"<p>1 Mart 2021 Pazartesi g\u00fcn\u00fc yapt\u0131\u011f\u0131m\u0131z i\u015fe sayg\u0131 duyulmas\u0131 ve bize i\u015fimizi kimsenin \u00f6\u011fretmeye kalkmamas\u0131 i\u00e7in y\u00fcr\u00fcyoruz. Bu s\u00fcre\u00e7te hakarete ve tacize u\u011fram\u0131\u015f t\u00fcm meslekta\u015flar\u0131m\u0131za destek<span class=\"excerpt-hellip\"> [\u2026]<\/span><\/p>\n","protected":false},"author":2,"featured_media":2725,"comment_status":"closed","ping_status":"closed","sticky":false,"template":"","format":"standard","meta":{"footnotes":""},"categories":[28,1,15],"tags":[],"_links":{"self":[{"href":"https:\/\/gazetecilerbirligi.com\/index.php?rest_route=\/wp\/v2\/posts\/2724"}],"collection":[{"href":"https:\/\/gazetecilerbirligi.com\/index.php?rest_route=\/wp\/v2\/posts"}],"about":[{"href":"https:\/\/gazetecilerbirligi.com\/index.php?rest_route=\/wp\/v2\/types\/post"}],"author":[{"embeddable":true,"href":"https:\/\/gazetecilerbirligi.com\/index.php?rest_route=\/wp\/v2\/users\/2"}],"replies":[{"embeddable":true,"href":"https:\/\/gazetecilerbirligi.com\/index.php?rest_route=%2Fwp%2Fv2%2Fcomments&post=2724"}],"version-history":[{"count":0,"href":"https:\/\/gazetecilerbirligi.com\/index.php?rest_route=\/wp\/v2\/posts\/2724\/revisions"}],"wp:featuredmedia":[{"embeddable":true,"href":"https:\/\/gazetecilerbirligi.com\/index.php?rest_route=\/wp\/v2\/media\/2725"}],"wp:attachment":[{"href":"https:\/\/gazetecilerbirligi.com\/index.php?rest_route=%2Fwp%2Fv2%2Fmedia&parent=2724"}],"wp:term":[{"taxonomy":"category","embeddable":true,"href":"https:\/\/gazetecilerbirligi.com\/index.php?rest_route=%2Fwp%2Fv2%2Fcategories&post=2724"},{"taxonomy":"post_tag","embeddable":true,"href":"https:\/\/gazetecilerbirligi.com\/index.php?rest_route=%2Fwp%2Fv2%2Ftags&post=2724"}],"curies":[{"name":"wp","href":"https:\/\/api.w.org\/{rel}","templated":true}]}}