{"id":2624,"date":"2020-12-14T11:05:30","date_gmt":"2020-12-14T08:05:30","guid":{"rendered":"https:\/\/gazetecilerbirligi.com\/?p=2624"},"modified":"2020-12-14T11:05:30","modified_gmt":"2020-12-14T08:05:30","slug":"basin-orgutleri-medya-calisanlari-icin-virusten-korunma-cagrisi-yapti","status":"publish","type":"post","link":"https:\/\/gazetecilerbirligi.com\/?p=2624","title":{"rendered":"Bas\u0131n \u00f6rg\u00fctleri, medya \u00e7al\u0131\u015fanlar\u0131 i\u00e7in vir\u00fcsten korunma \u00e7a\u011fr\u0131s\u0131 yapt\u0131  \u00a0\u00a0"},"content":{"rendered":"<p><strong>\u00a0 \u00a0 \u00a0 \u00a0 \u00a0 \u00a0 \u00a0 \u00a0 \u00a0 \u00a0 \u00a0 \u00a0 \u00a0 \u00a0 \u00a0 \u00a0 \u00a0 \u00a0 \u00a0 \u00a0 \u00a0 \u00a0 \u00a0 \u00a0 \u00a0 \u00a0 \u00a0 \u00a0 \u00a0 \u00a0 \u00a0 \u00a0 \u00a0<\/strong><\/p>\n<p><strong>\u00a0 <\/strong>Bas\u0131nda \u00f6rg\u00fctl\u00fc sivil toplum kurulu\u015flar\u0131, bas\u0131n \u00e7al\u0131\u015fanlar\u0131n\u0131n \u00fclkemizde giderek yay\u0131lan yeni tip Corona vir\u00fcs\u00fc tehdit etti\u011fi kesimler aras\u0131nda yer ald\u0131\u011f\u0131na dikkati \u00e7ekerek, ilgili b\u00fct\u00fcn kesimleri bu konuda duyarl\u0131 ve tedbirli olmaya \u00e7a\u011f\u0131rd\u0131.<\/p>\n<p>K\u0131br\u0131s T\u00fcrk Gazeteciler Birli\u011fi (KTGB), Bas\u0131n Emek\u00e7ileri Sendikas\u0131 (Bas\u0131n-Sen), Bayrak Radyo Televizyonu \u00c7al\u0131\u015fanlar\u0131 Sendikas\u0131 (Bay-Sen), Devrimci \u0130\u015f\u00e7i Sendikalar\u0131 Federasyonu (Dev-\u0130\u015f), K\u0131br\u0131s T\u00fcrk Amme Memurlar\u0131 Sendikas\u0131 (KTAMS), K\u0131br\u0131s T\u00fcrk Spor Yazarlar\u0131 Derne\u011fi (KTSYD), Haber Kameramanlar\u0131 Derne\u011fi ve D\u0131\u015f Bas\u0131n Birli\u011fi ad\u0131na yap\u0131lan a\u00e7\u0131klamada, son g\u00fcnlerde \u00fclkemizde de Covid-19 i\u00e7 bula\u015f riskinin artt\u0131\u011f\u0131n\u0131n g\u00f6zlemlendi\u011fi belirtildi.<\/p>\n<p>Gazetecilerin sa\u011fl\u0131\u011f\u0131n\u0131n da \u00f6nemsenmesi gerekti\u011fi vurgulanan a\u00e7\u0131klamada, \u201cBu durumda sahada \u00e7al\u0131\u015fan ve \u00f6zveriyle haber takibi yapan gazeteci arkada\u015flar\u0131m\u0131z\u0131n sa\u011fl\u0131\u011f\u0131n\u0131 da \u00f6nemsemeliyiz\u201d denildi. Yetkililerden, gazetecilerin sa\u011fl\u0131\u011f\u0131n\u0131 tehdit edecek ziyaret ve kabullere \u00e7a\u011fr\u0131lmas\u0131 yerine, haber ve g\u00f6r\u00fcnt\u00fclerin dijital olarak haber merkezlerine yollanmas\u0131 istendi.<\/p>\n<p>Y\u00fcz y\u00fcze bas\u0131n toplant\u0131s\u0131, a\u00e7\u0131klama ve benzeri etkinliklerin e-posta yoluyla iletilmesinin rica edildi\u011fi a\u00e7\u0131klamada, &#8220;Bir\u00e7ok arkada\u015f\u0131m\u0131z haber takibi yapmak \u00fczere gittikleri toplant\u0131 ve etkinliklerde Covid-19\u2019a yakalanma riski ortaya \u00e7\u0131kabilmektedir. Bu ola\u011fan\u00fcst\u00fc ko\u015fullar nedeniyle y\u00fcz y\u00fcze bas\u0131n toplant\u0131s\u0131, a\u00e7\u0131klama ve benzeri etkinlikler yerine mesaj ve a\u00e7\u0131klamalar\u0131n\u0131z\u0131 internet kanal\u0131yla dijital ortamda ya da e-posta yoluyla yapman\u0131z\u0131, yaz\u0131, ses ve g\u00f6r\u00fcnt\u00fc i\u00e7eren g\u00fcncel materyallerinizi de bu yollarla bas\u0131n kurulu\u015flar\u0131na iletmenizi rica ederiz&#8221; ifadeleri kullan\u0131ld\u0131.<\/p>\n<p>A\u00e7\u0131klamada, ger\u00e7ekle\u015ftirilecek d\u0131\u015f \u00e7ekim ve haber takiplerinde, st\u00fcdyo ve di\u011fer \u00e7al\u0131\u015fma ortamlar\u0131nda sosyal mesafe ve hijyen ba\u015fta olmak \u00fczere her t\u00fcrl\u00fc \u00f6nlemin al\u0131nmas\u0131 gerekti\u011fi vurguland\u0131. Bas\u0131n \u00f6rg\u00fctleri, medya kurumu y\u00f6neticilerine de seslenerek, bas\u0131n \u00e7al\u0131\u015fanlar\u0131n\u0131n vir\u00fcsten korunabilmesi i\u00e7in azami tedbirlerin al\u0131nmas\u0131n\u0131 istedi<\/p>\n<p>Bas\u0131n \u00e7al\u0131\u015fanlar\u0131n\u0131n bu zor d\u00f6nemde bir yandan toplumu habersiz ve yorumsuz b\u0131rakmamak ad\u0131na g\u00f6revimizi yaparken, ayn\u0131 zamanda sa\u011fl\u0131klar\u0131n\u0131n korunmas\u0131 i\u00e7in bu konuda gerekli hassasiyetin de g\u00f6sterilmesi istendi.<\/p>\n<p>&nbsp;<\/p>\n<p><strong>KTGB, Bas\u0131n-Sen, Bay-Sen, Dev-\u0130\u015f, KTAMS, Haber Kameramanlar\u0131 Derne\u011fi, KTSYD, D\u0131\u015f Bas\u0131n Birli\u011fi <\/strong><\/p>\n<p>&nbsp;<\/p>\n<p>&nbsp;<\/p>\n<p>&nbsp;<\/p>\n<p>&nbsp;<\/p>\n<p>&nbsp;<\/p>\n<p>&nbsp;<\/p>\n<p>&nbsp;<\/p>\n<p>&nbsp;<\/p>\n<p>&nbsp;<\/p>\n<p>&nbsp;<\/p>\n<p>&nbsp;<\/p>\n<p>&nbsp;<\/p>\n<p>&nbsp;<\/p>\n<p>&nbsp;<\/p>\n<p>&nbsp;<\/p>\n<p>&nbsp;<\/p>\n<p>&nbsp;<\/p>\n<p>&nbsp;<\/p>\n<p>&nbsp;<\/p>\n<p>&nbsp;<\/p>\n<p>&nbsp;<\/p>\n<p>&nbsp;<\/p>\n<p>&nbsp;<\/p>\n<p>&nbsp;<\/p>\n<p>&nbsp;<\/p>\n<p>&nbsp;<\/p>\n<p>&nbsp;<\/p>\n<p>&nbsp;<\/p>\n<p>&nbsp;<\/p>\n<p>&nbsp;<\/p>\n<p>&nbsp;<\/p>\n<p>&nbsp;<\/p>\n<p>&nbsp;<\/p>\n<p>&nbsp;<\/p>\n<p>&nbsp;<\/p>\n<p>&nbsp;<\/p>\n<p>&nbsp;<\/p>\n<p>&nbsp;<\/p>\n<p>&nbsp;<\/p>\n<p>&nbsp;<\/p>\n<p>&nbsp;<\/p>\n<p>&nbsp;<\/p>\n","protected":false},"excerpt":{"rendered":"<p>\u00a0 \u00a0 \u00a0 \u00a0 \u00a0 \u00a0 \u00a0 \u00a0 \u00a0 \u00a0 \u00a0 \u00a0 \u00a0 \u00a0 \u00a0 \u00a0 \u00a0 \u00a0 \u00a0 \u00a0 \u00a0 \u00a0 \u00a0 \u00a0 \u00a0 \u00a0<span class=\"excerpt-hellip\"> [\u2026]<\/span><\/p>\n","protected":false},"author":2,"featured_media":2625,"comment_status":"closed","ping_status":"closed","sticky":false,"template":"","format":"standard","meta":{"footnotes":""},"categories":[28,1,15],"tags":[],"_links":{"self":[{"href":"https:\/\/gazetecilerbirligi.com\/index.php?rest_route=\/wp\/v2\/posts\/2624"}],"collection":[{"href":"https:\/\/gazetecilerbirligi.com\/index.php?rest_route=\/wp\/v2\/posts"}],"about":[{"href":"https:\/\/gazetecilerbirligi.com\/index.php?rest_route=\/wp\/v2\/types\/post"}],"author":[{"embeddable":true,"href":"https:\/\/gazetecilerbirligi.com\/index.php?rest_route=\/wp\/v2\/users\/2"}],"replies":[{"embeddable":true,"href":"https:\/\/gazetecilerbirligi.com\/index.php?rest_route=%2Fwp%2Fv2%2Fcomments&post=2624"}],"version-history":[{"count":0,"href":"https:\/\/gazetecilerbirligi.com\/index.php?rest_route=\/wp\/v2\/posts\/2624\/revisions"}],"wp:featuredmedia":[{"embeddable":true,"href":"https:\/\/gazetecilerbirligi.com\/index.php?rest_route=\/wp\/v2\/media\/2625"}],"wp:attachment":[{"href":"https:\/\/gazetecilerbirligi.com\/index.php?rest_route=%2Fwp%2Fv2%2Fmedia&parent=2624"}],"wp:term":[{"taxonomy":"category","embeddable":true,"href":"https:\/\/gazetecilerbirligi.com\/index.php?rest_route=%2Fwp%2Fv2%2Fcategories&post=2624"},{"taxonomy":"post_tag","embeddable":true,"href":"https:\/\/gazetecilerbirligi.com\/index.php?rest_route=%2Fwp%2Fv2%2Ftags&post=2624"}],"curies":[{"name":"wp","href":"https:\/\/api.w.org\/{rel}","templated":true}]}}