{"id":2620,"date":"2020-11-30T14:05:54","date_gmt":"2020-11-30T11:05:54","guid":{"rendered":"https:\/\/gazetecilerbirligi.com\/?p=2620"},"modified":"2020-11-30T14:05:54","modified_gmt":"2020-11-30T11:05:54","slug":"agit-2-degisim-programinin-kapanis-toplantisini-online-olarak-gerceklestirdi","status":"publish","type":"post","link":"https:\/\/gazetecilerbirligi.com\/?p=2620","title":{"rendered":"AG\u0130T, 2. De\u011fi\u015fim Program\u0131n\u0131n Kapan\u0131\u015f Toplant\u0131s\u0131&#8217;n\u0131 Online Olarak Ger\u00e7ekle\u015ftirdi"},"content":{"rendered":"<p>Avrupa G\u00fcvenlik ve \u0130\u015fbirli\u011fi Te\u015fkilat\u0131 Bas\u0131n \u00d6zg\u00fcrl\u00fc\u011f\u00fc Ofisi, K\u0131br\u0131s T\u00fcrk Gazeteciler Birli\u011fi, Bas\u0131n Emek\u00e7ileri Sendikas\u0131 ve K\u0131br\u0131s Gazeteciler Sendikas\u0131 i\u015fbirli\u011finde ger\u00e7ekle\u015ftirilen 2. De\u011fi\u015fim Program\u0131\u2019n\u0131n kapan\u0131\u015f toplant\u0131s\u0131 online ortamda ger\u00e7ekle\u015ftirildi.<\/p>\n<p>Avrupa G\u00fcvenlik ve \u0130\u015fbirli\u011fi Te\u015fkilat\u0131 Bas\u0131n \u00d6zg\u00fcrl\u00fc\u011f\u00fc Ofisi Direkt\u00f6r\u00fc J\u00fcrgen Heissel, K\u0131br\u0131s Medya Diyalog Program\u0131\u2019n\u0131n yeni logosunu tan\u0131tt\u0131, de\u011fi\u015fim program\u0131n\u0131n devam etmesi i\u00e7in gerekli deste\u011fi vereceklerini s\u00f6yledi.<\/p>\n<p>De\u011fi\u015fim program\u0131na kat\u0131lan bas\u0131n \u00e7al\u0131\u015fanlar\u0131 deneyimlerini payla\u015f\u0131rken, KTGB, Bas\u0131n-Sen ve K\u0131br\u0131s Gazeteciler Sendikas\u0131 yetkilileri de program\u0131n devam etmesi y\u00f6n\u00fcnde g\u00f6r\u00fc\u015f belirttiler.<\/p>\n<p>May\u0131s ay\u0131nda yap\u0131lmas\u0131 planlanan kapan\u0131\u015f etkinli\u011fi, Covid 19 \u00f6nlemleri nedeniyle ger\u00e7ekle\u015ftirilememi\u015fti. 26 Kas\u0131m 2020\u2019de yap\u0131lan kapan\u0131\u015f toplant\u0131s\u0131nda, de\u011fi\u015fim program\u0131na kat\u0131lanlar\u0131n \u00e7al\u0131\u015fmalar\u0131 da online olarak sergilendi.<\/p>\n<p>&nbsp;<\/p>\n","protected":false},"excerpt":{"rendered":"<p>Avrupa G\u00fcvenlik ve \u0130\u015fbirli\u011fi Te\u015fkilat\u0131 Bas\u0131n \u00d6zg\u00fcrl\u00fc\u011f\u00fc Ofisi, K\u0131br\u0131s T\u00fcrk Gazeteciler Birli\u011fi, Bas\u0131n Emek\u00e7ileri Sendikas\u0131 ve K\u0131br\u0131s Gazeteciler Sendikas\u0131 i\u015fbirli\u011finde ger\u00e7ekle\u015ftirilen 2. De\u011fi\u015fim Program\u0131\u2019n\u0131n kapan\u0131\u015f toplant\u0131s\u0131<span class=\"excerpt-hellip\"> [\u2026]<\/span><\/p>\n","protected":false},"author":2,"featured_media":2621,"comment_status":"closed","ping_status":"closed","sticky":false,"template":"","format":"standard","meta":{"footnotes":""},"categories":[28,32,1,15],"tags":[],"_links":{"self":[{"href":"https:\/\/gazetecilerbirligi.com\/index.php?rest_route=\/wp\/v2\/posts\/2620"}],"collection":[{"href":"https:\/\/gazetecilerbirligi.com\/index.php?rest_route=\/wp\/v2\/posts"}],"about":[{"href":"https:\/\/gazetecilerbirligi.com\/index.php?rest_route=\/wp\/v2\/types\/post"}],"author":[{"embeddable":true,"href":"https:\/\/gazetecilerbirligi.com\/index.php?rest_route=\/wp\/v2\/users\/2"}],"replies":[{"embeddable":true,"href":"https:\/\/gazetecilerbirligi.com\/index.php?rest_route=%2Fwp%2Fv2%2Fcomments&post=2620"}],"version-history":[{"count":0,"href":"https:\/\/gazetecilerbirligi.com\/index.php?rest_route=\/wp\/v2\/posts\/2620\/revisions"}],"wp:featuredmedia":[{"embeddable":true,"href":"https:\/\/gazetecilerbirligi.com\/index.php?rest_route=\/wp\/v2\/media\/2621"}],"wp:attachment":[{"href":"https:\/\/gazetecilerbirligi.com\/index.php?rest_route=%2Fwp%2Fv2%2Fmedia&parent=2620"}],"wp:term":[{"taxonomy":"category","embeddable":true,"href":"https:\/\/gazetecilerbirligi.com\/index.php?rest_route=%2Fwp%2Fv2%2Fcategories&post=2620"},{"taxonomy":"post_tag","embeddable":true,"href":"https:\/\/gazetecilerbirligi.com\/index.php?rest_route=%2Fwp%2Fv2%2Ftags&post=2620"}],"curies":[{"name":"wp","href":"https:\/\/api.w.org\/{rel}","templated":true}]}}