{"id":2587,"date":"2020-11-10T11:31:50","date_gmt":"2020-11-10T08:31:50","guid":{"rendered":"https:\/\/gazetecilerbirligi.com\/?p=2587"},"modified":"2020-11-24T16:15:41","modified_gmt":"2020-11-24T13:15:41","slug":"gazeteciler-birliginde-yeni-donem-gorev-dagilimi-yapildi","status":"publish","type":"post","link":"https:\/\/gazetecilerbirligi.com\/?p=2587","title":{"rendered":"GAZETEC\u0130LER B\u0130RL\u0130\u011e\u0130\u2019NDE YEN\u0130 D\u00d6NEM\u2026 G\u00d6REV DA\u011eILIMI YAPILDI"},"content":{"rendered":"<p>K\u0131br\u0131s T\u00fcrk Gazeteciler Birli\u011fi\u2019nin (KTGB) yeni y\u00f6netimi ilk toplant\u0131s\u0131nda g\u00f6rev da\u011f\u0131l\u0131m\u0131n\u0131 yapt\u0131. Gazeteciler Birli\u011fi Ba\u015fkan\u0131 Ali Cansu, Genel Sekreteri Dilek \u00d6nc\u00fcl Kodan oldu.<\/p>\n<div class=\"text_exposed_show\">\n<p>Y\u00f6netim Kurulu\u2019nun g\u00f6rev da\u011f\u0131l\u0131m\u0131 \u015f\u00f6yle:<br \/>\nBa\u015fkan Ali Cansu<\/p>\n<p>Genel Sekreter Dilek \u00d6nc\u00fcl Kodan<\/p>\n<p>Ba\u015fkan Vekili Tarkan Kavaz,<\/p>\n<p>D\u0131\u015f \u0130li\u015fkiler Sekreteri Ali Sefer,<\/p>\n<p>Sayman \u0130brahim G\u00fcne\u015fer,<\/p>\n<p>\u00d6rg\u00fctlenme Sekreteri Aliye \u00d6zenci,<\/p>\n<p>E\u011fitim Sekreteri Duygu Alan,<\/p>\n<p>Sosyal \u0130li\u015fkiler ve Web Sorumlusu Melek Arabac\u0131o\u011flu,<\/p>\n<p>Bas\u0131n ve Halkla \u0130li\u015fkiler Sorumlusu Rahme \u00c7ift\u00e7io\u011flu.<\/p>\n<p>Yedek \u00dcyeler Erol Atabek ve Nedim Enginsoy.<\/p>\n<p>KTGB\u2019nin Ola\u011fan Genel Kurulu ge\u00e7ti\u011fimiz cumartesi yap\u0131lm\u0131\u015f, genel kurulda y\u00f6netim kurulu \u00fcyelerinin yan\u0131 s\u0131ra TAK ve BRT temsilcileri ile Onur Kurulu ve Denet\u00e7iler Kurulu \u00fcyeleri de belirlenmi\u015fti.<\/p>\n<p>Buna g\u00f6re, Onur Kurulu&#8217;nda Mustafa Kortun, S\u00fcleyman Erg\u00fc\u00e7l\u00fc ve Ali Baturay; Denet\u00e7iler Kurulu&#8217;nda \u00d6zcan \u00d6zcanhan ve Belgin Demirel g\u00f6rev yapacak. TAK y\u00f6netim kurulunda Artun \u00c7a\u011fa, BRTK y\u00f6netim kurulunda ise \u0130brahim G\u00fcne\u015fer yer alacak.<br \/>\nKTGB t\u00fcz\u00fc\u011f\u00fcne g\u00f6re Birli\u011fin Ola\u011fan Genel Kurul iki y\u0131lda bir yap\u0131l\u0131yor.<\/p>\n<\/div>\n","protected":false},"excerpt":{"rendered":"<p>K\u0131br\u0131s T\u00fcrk Gazeteciler Birli\u011fi\u2019nin (KTGB) yeni y\u00f6netimi ilk toplant\u0131s\u0131nda g\u00f6rev da\u011f\u0131l\u0131m\u0131n\u0131 yapt\u0131. Gazeteciler Birli\u011fi Ba\u015fkan\u0131 Ali Cansu, Genel Sekreteri Dilek \u00d6nc\u00fcl Kodan oldu. Y\u00f6netim Kurulu\u2019nun g\u00f6rev<span class=\"excerpt-hellip\"> [\u2026]<\/span><\/p>\n","protected":false},"author":2,"featured_media":2615,"comment_status":"closed","ping_status":"closed","sticky":false,"template":"","format":"standard","meta":{"footnotes":""},"categories":[28,1,15],"tags":[],"_links":{"self":[{"href":"https:\/\/gazetecilerbirligi.com\/index.php?rest_route=\/wp\/v2\/posts\/2587"}],"collection":[{"href":"https:\/\/gazetecilerbirligi.com\/index.php?rest_route=\/wp\/v2\/posts"}],"about":[{"href":"https:\/\/gazetecilerbirligi.com\/index.php?rest_route=\/wp\/v2\/types\/post"}],"author":[{"embeddable":true,"href":"https:\/\/gazetecilerbirligi.com\/index.php?rest_route=\/wp\/v2\/users\/2"}],"replies":[{"embeddable":true,"href":"https:\/\/gazetecilerbirligi.com\/index.php?rest_route=%2Fwp%2Fv2%2Fcomments&post=2587"}],"version-history":[{"count":0,"href":"https:\/\/gazetecilerbirligi.com\/index.php?rest_route=\/wp\/v2\/posts\/2587\/revisions"}],"wp:featuredmedia":[{"embeddable":true,"href":"https:\/\/gazetecilerbirligi.com\/index.php?rest_route=\/wp\/v2\/media\/2615"}],"wp:attachment":[{"href":"https:\/\/gazetecilerbirligi.com\/index.php?rest_route=%2Fwp%2Fv2%2Fmedia&parent=2587"}],"wp:term":[{"taxonomy":"category","embeddable":true,"href":"https:\/\/gazetecilerbirligi.com\/index.php?rest_route=%2Fwp%2Fv2%2Fcategories&post=2587"},{"taxonomy":"post_tag","embeddable":true,"href":"https:\/\/gazetecilerbirligi.com\/index.php?rest_route=%2Fwp%2Fv2%2Ftags&post=2587"}],"curies":[{"name":"wp","href":"https:\/\/api.w.org\/{rel}","templated":true}]}}