{"id":2573,"date":"2020-11-03T11:13:51","date_gmt":"2020-11-03T08:13:51","guid":{"rendered":"https:\/\/gazetecilerbirligi.com\/?p=2573"},"modified":"2020-11-04T20:03:49","modified_gmt":"2020-11-04T17:03:49","slug":"gazeteciler-birliginde-genel-kurula-dogru","status":"publish","type":"post","link":"https:\/\/gazetecilerbirligi.com\/?p=2573","title":{"rendered":"Gazeteciler Birli\u011fi\u2019nde Genel Kurul\u2019a do\u011fru"},"content":{"rendered":"<p><strong>Gazeteciler Birli\u011fi Ola\u011fan Genel Kurulu 7 Kas\u0131m Cumartesi yap\u0131l\u0131yor. KTGB Y\u00f6netim Kurulu ile TAK ve BRT Y\u00f6netim Kurulu temsilcili\u011fine adayl\u0131k ba\u015fvurular\u0131n\u0131n en ge\u00e7 6 Kas\u0131m saat 10.29\u2019a kadar yaz\u0131l\u0131 olarak yap\u0131lmas\u0131 gerekiyor.<\/strong><\/p>\n<p>K\u0131br\u0131s T\u00fcrk Gazeteciler Birli\u011fi\u2019nin (KTGB) 26 Eyl\u00fcl\u2019de yap\u0131laca\u011f\u0131 a\u00e7\u0131klanan, ancak Bula\u015f\u0131c\u0131 Hastal\u0131klar \u00dcst Kurulu\u2019nun ald\u0131\u011f\u0131 kararlar uyar\u0131nca ertelenen Ola\u011fan Genel Kurulu 7 Kas\u0131m Cumartesi saat 10.30\u2019da yap\u0131l\u0131yor.<\/p>\n<p>KTGB y\u00f6netim ve denetim organlar\u0131n\u0131n yan\u0131 s\u0131ra BRT ve TAK temsilcileri i\u00e7in de se\u00e7imlerin yap\u0131laca\u011f\u0131 Genel Kurul, KTGB tesisleri i\u00e7erisinde yer alan Paradise Park\u2019ta yer alacak. Genel Kurul\u2019da faaliyet raporu ile mali raporun okunarak bilgiye ve onaya sunulacak.<\/p>\n<p>Pandemi nedeniyle hava ko\u015fullar\u0131n\u0131n uygun olmas\u0131 durumunda genel kurul a\u00e7\u0131k havada ger\u00e7ekle\u015ftirilecek. Ancak hava ko\u015fullar\u0131n\u0131n uygun olmamas\u0131 halinde toplant\u0131 Paradise Park\u2019\u0131n geni\u015f salonuna al\u0131nacak. Genel Kurul\u2019da Covid-19 hastal\u0131\u011f\u0131na kar\u015f\u0131 her t\u00fcrl\u00fc \u00f6nlem de al\u0131nacak.<\/p>\n<p>KTGB t\u00fcz\u00fc\u011f\u00fcne g\u00f6re Ola\u011fan Genel Kurul iki y\u0131lda bir yap\u0131l\u0131yor. Son Genel Kurul 1 Ekim 2018 tarihinde ger\u00e7ekle\u015ftirilmi\u015fti.<\/p>\n<p>Birlik y\u00f6netimine ve BRT ile TAK temsilciliklerine aday\u00a0 olacaklar\u0131n genel kurul ilan\u0131ndan, genel kurulun yap\u0131laca\u011f\u0131 tarihin 24 saat \u00f6ncesine kadar KTGB\u2019ne yaz\u0131l\u0131 ba\u015fvuruda bulunmalar\u0131 gerekiyor. Adayl\u0131k ba\u015fvuru s\u00fcresi 6 Kas\u0131m Cuma g\u00fcn\u00fc saat 10.29\u2019da dolacak.<\/p>\n<p>Disiplin ve Onur Kurulu \u00fcyeliklerine ise genel kurul g\u00fcn\u00fc de ba\u015fvuru yap\u0131labiliyor.<\/p>\n<p>Genel Kurulda oy kullanabilecek olan \u00fcyelerimiz isimlerini a\u015fa\u011f\u0131daki linkten bulabilirler.<\/p>\n<p>https:\/\/gazetecilerbirligi.com\/uyelerimiz\/<\/p>\n<p>&nbsp;<\/p>\n<p>&nbsp;<\/p>\n<p>&nbsp;<\/p>\n","protected":false},"excerpt":{"rendered":"<p>Gazeteciler Birli\u011fi Ola\u011fan Genel Kurulu 7 Kas\u0131m Cumartesi yap\u0131l\u0131yor. KTGB Y\u00f6netim Kurulu ile TAK ve BRT Y\u00f6netim Kurulu temsilcili\u011fine adayl\u0131k ba\u015fvurular\u0131n\u0131n en ge\u00e7 6 Kas\u0131m saat 10.29\u2019a kadar yaz\u0131l\u0131 olarak yap\u0131lmas\u0131 gerekiyor.<\/p>\n","protected":false},"author":2,"featured_media":2574,"comment_status":"closed","ping_status":"closed","sticky":false,"template":"","format":"standard","meta":{"footnotes":""},"categories":[28,1,15],"tags":[],"_links":{"self":[{"href":"https:\/\/gazetecilerbirligi.com\/index.php?rest_route=\/wp\/v2\/posts\/2573"}],"collection":[{"href":"https:\/\/gazetecilerbirligi.com\/index.php?rest_route=\/wp\/v2\/posts"}],"about":[{"href":"https:\/\/gazetecilerbirligi.com\/index.php?rest_route=\/wp\/v2\/types\/post"}],"author":[{"embeddable":true,"href":"https:\/\/gazetecilerbirligi.com\/index.php?rest_route=\/wp\/v2\/users\/2"}],"replies":[{"embeddable":true,"href":"https:\/\/gazetecilerbirligi.com\/index.php?rest_route=%2Fwp%2Fv2%2Fcomments&post=2573"}],"version-history":[{"count":0,"href":"https:\/\/gazetecilerbirligi.com\/index.php?rest_route=\/wp\/v2\/posts\/2573\/revisions"}],"wp:featuredmedia":[{"embeddable":true,"href":"https:\/\/gazetecilerbirligi.com\/index.php?rest_route=\/wp\/v2\/media\/2574"}],"wp:attachment":[{"href":"https:\/\/gazetecilerbirligi.com\/index.php?rest_route=%2Fwp%2Fv2%2Fmedia&parent=2573"}],"wp:term":[{"taxonomy":"category","embeddable":true,"href":"https:\/\/gazetecilerbirligi.com\/index.php?rest_route=%2Fwp%2Fv2%2Fcategories&post=2573"},{"taxonomy":"post_tag","embeddable":true,"href":"https:\/\/gazetecilerbirligi.com\/index.php?rest_route=%2Fwp%2Fv2%2Ftags&post=2573"}],"curies":[{"name":"wp","href":"https:\/\/api.w.org\/{rel}","templated":true}]}}