{"id":1832,"date":"2019-12-09T11:55:13","date_gmt":"2019-12-09T08:55:13","guid":{"rendered":"https:\/\/gazetecilerbirligi.com\/?p=1832"},"modified":"2019-12-09T11:55:13","modified_gmt":"2019-12-09T08:55:13","slug":"medya-etik-kurulu-bazi-meslek-ilkelerine-dikkat-cekti","status":"publish","type":"post","link":"https:\/\/gazetecilerbirligi.com\/?p=1832","title":{"rendered":"MEDYA ET\u0130K KURULU BAZI MESLEK \u0130LKELER\u0130NE D\u0130KKAT \u00c7EKT\u0130"},"content":{"rendered":"<p>Gazeteci, demokratik de\u011ferlere ve insan haklar\u0131na ayk\u0131r\u0131 yay\u0131n yapmamal\u0131d\u0131r. <\/p>\n<p>Yay\u0131mlanan haber, g\u00f6r\u00fc\u015f ve yorumlarda, bir insan\u0131n davran\u0131\u015f\u0131n\u0131n veya i\u015fledi\u011fi su\u00e7un, haber konusu olayla do\u011frudan ilgili olmad\u0131k\u00e7a, onun \u0131rk\u0131ndan, milliyetinden, din\u00ee veya mezhepsel inanc\u0131ndan, cinsiyetinden,  cinsel kimli\u011finden, cinsel y\u00f6neliminden, ya\u015f\u0131ndan, engelinden veya ba\u015fka bir \u00f6zelli\u011finden kaynakland\u0131\u011f\u0131n\u0131 ima eden vurgular yap\u0131lmamal\u0131d\u0131r.<\/p>\n<p>\u015eiddeti hakl\u0131 g\u00f6steren, \u00f6zendiren ve k\u0131\u015fk\u0131rtan, nefret ve d\u00fc\u015fmanl\u0131\u011f\u0131 k\u00f6r\u00fckleyen nitelikte yay\u0131n yap\u0131lmamal\u0131d\u0131r.<\/p>\n<p>Irka, milliyete, etnik k\u00f6kene, cinsel kimli\u011fe, cinsel y\u00f6nelime, dile, dine ve mezhebe y\u00f6nelik ayr\u0131mc\u0131l\u0131\u011f\u0131 te\u015fvik edecek yay\u0131n yap\u0131lmamal\u0131d\u0131r.<\/p>\n<p>Gazeteci, elde etti\u011fi bilgileri do\u011frulatmak i\u00e7in \u00e7aba g\u00f6stermelidir.<\/p>\n<p>Gazeteci, ki\u015fi ve kurulu\u015flar\u0131 ele\u015ftiri s\u0131n\u0131rlar\u0131 \u00f6tesinde a\u015fa\u011f\u0131layan, hakaret i\u00e7eren ifadeler kullanmamal\u0131d\u0131r.<\/p>\n<p>\u00d6zel ya\u015fam\u0131n gizlili\u011fi esast\u0131r. \u00dcst\u00fcn bir kamu yarar\u0131 olmad\u0131k\u00e7a veya ki\u015finin r\u0131zas\u0131 al\u0131nmad\u0131k\u00e7a \u00f6zel ya\u015fam\u0131n gizlili\u011fini ihl\u00e2l eden habercilik yap\u0131lmamal\u0131d\u0131r.<\/p>\n<p>Gazeteci kimli\u011fini ta\u015f\u0131yan herkes, gazetecili\u011fin evrensel ilkelerine uymaya \u00f6zen g\u00f6sterir.<\/p>\n<p>S\u0131ralanan ilkeler  gazetecilerin mesleklerini y\u00fcr\u00fct\u00fcrken uymak zorunda olduklar\u0131ndan baz\u0131lar\u0131d\u0131r.<br \/>\nBirincil g\u00f6revi kamu yarar\u0131na d\u00f6n\u00fck, ger\u00e7e\u011fi ortaya \u00e7\u0131karmak olan medya mensuplar\u0131n\u0131n zaman zaman bu ilkeden uzakla\u015ft\u0131klar\u0131 g\u00f6r\u00fclmektedir.  \u00d6tekile\u015ftirme, \u0131rk\u00e7\u0131l\u0131k, cinsiyet ayr\u0131mc\u0131l\u0131\u011f\u0131, do\u011frudan do\u011fruya insan haklar\u0131yla ilgili ihlaller, nefret s\u00f6ylemleri, hedef g\u00f6sterme medyada tehlikeli bir silah haline d\u00f6n\u00fc\u015febilmektedir.<\/p>\n<p>Temelinde, \u00f6nyarg\u0131lar, \u0131rk\u00e7\u0131l\u0131k, yabanc\u0131 korkusu, yabanc\u0131 d\u00fc\u015fmanl\u0131\u011f\u0131, tarafgirlik, ayr\u0131mc\u0131l\u0131k, cinsiyet\u00e7ilik, homofobi yatan \u201cnefret s\u00f6ylemi\u201dnin yaratt\u0131\u011f\u0131 olumsuzluklar temel insan haklar\u0131n\u0131n \u00e7i\u011fnenmesine kadar uzanmaktad\u0131r. Kendisinden farkl\u0131 olana, \u201c\u00f6tekine\u201d kar\u015f\u0131 olan tahamm\u00fcls\u00fczl\u00fc\u011f\u00fcn giderek artt\u0131\u011f\u0131 toplumlarlarda ya\u015fam haklar\u0131na m\u00fcdahale edilecek noktaya ula\u015fma ihtimali g\u00f6z ard\u0131 edilmemelidir. <\/p>\n<p>\u015e\u0130KAYET KONUSU-KINAMA<br \/>\nQU\u0130R Derne\u011fi, Halk\u0131n Sesi Gazetesi\u2019nde, 3 Aral\u0131k 2019 tarihinde \u201cApl\u0131\u00e7 Kap\u0131s\u0131\u2019nda g\u00f6revli memurun cinsiyeti ne?\u201d ba\u015fl\u0131kl\u0131 haberi konusunda Medya Etik Kurulu\u2019na \u015fikayette bulundu.<br \/>\n\u015eikayette ilgili haberde verilen bilgilerin, bahsi ge\u00e7en ki\u015finin \u00e7al\u0131\u015ft\u0131\u011f\u0131 kurum, cinsiyet kimli\u011fi ifadesine dayal\u0131 bilgiler (vb),  temel insan haklar\u0131ndan olan \u201c\u00f6zel hayata sayg\u0131 hakk\u0131n\u0131\u201d ihlal etti\u011fi, toplumsal cinsiyet normlar\u0131na dayal\u0131  \u00f6nyarg\u0131lar\u0131 besledi\u011fi, ay\u0131r\u0131mc\u0131 a\u015fa\u011f\u0131lay\u0131c\u0131 bir dil i\u00e7erdi\u011fi g\u00f6r\u00fc\u015flerine yer verildi.<br \/>\nKonuyu inceleyen Medya Etik Kurulu, haberi yay\u0131mlayan Halk\u0131n Sesi Gazetesi\u2019nin uyar\u0131lmas\u0131 karar\u0131n\u0131 ald\u0131.<br \/>\nKurul, medya mensuplar\u0131n\u0131n meslek ilkelerine uyduklar\u0131 s\u00fcrece,  mesle\u011fin sayg\u0131nl\u0131\u011f\u0131n\u0131n ve g\u00fcvenilirli\u011finin artaca\u011f\u0131na dikkat \u00e7ekti.<\/p>\n","protected":false},"excerpt":{"rendered":"<p>Gazeteci, demokratik de\u011ferlere ve insan haklar\u0131na ayk\u0131r\u0131 yay\u0131n yapmamal\u0131d\u0131r. <\/p>\n","protected":false},"author":2,"featured_media":1833,"comment_status":"closed","ping_status":"open","sticky":false,"template":"","format":"standard","meta":{"footnotes":""},"categories":[28],"tags":[],"_links":{"self":[{"href":"https:\/\/gazetecilerbirligi.com\/index.php?rest_route=\/wp\/v2\/posts\/1832"}],"collection":[{"href":"https:\/\/gazetecilerbirligi.com\/index.php?rest_route=\/wp\/v2\/posts"}],"about":[{"href":"https:\/\/gazetecilerbirligi.com\/index.php?rest_route=\/wp\/v2\/types\/post"}],"author":[{"embeddable":true,"href":"https:\/\/gazetecilerbirligi.com\/index.php?rest_route=\/wp\/v2\/users\/2"}],"replies":[{"embeddable":true,"href":"https:\/\/gazetecilerbirligi.com\/index.php?rest_route=%2Fwp%2Fv2%2Fcomments&post=1832"}],"version-history":[{"count":0,"href":"https:\/\/gazetecilerbirligi.com\/index.php?rest_route=\/wp\/v2\/posts\/1832\/revisions"}],"wp:featuredmedia":[{"embeddable":true,"href":"https:\/\/gazetecilerbirligi.com\/index.php?rest_route=\/wp\/v2\/media\/1833"}],"wp:attachment":[{"href":"https:\/\/gazetecilerbirligi.com\/index.php?rest_route=%2Fwp%2Fv2%2Fmedia&parent=1832"}],"wp:term":[{"taxonomy":"category","embeddable":true,"href":"https:\/\/gazetecilerbirligi.com\/index.php?rest_route=%2Fwp%2Fv2%2Fcategories&post=1832"},{"taxonomy":"post_tag","embeddable":true,"href":"https:\/\/gazetecilerbirligi.com\/index.php?rest_route=%2Fwp%2Fv2%2Ftags&post=1832"}],"curies":[{"name":"wp","href":"https:\/\/api.w.org\/{rel}","templated":true}]}}