{"id":1735,"date":"2019-10-15T10:51:21","date_gmt":"2019-10-15T07:51:21","guid":{"rendered":"https:\/\/gazetecilerbirligi.com\/?p=1735"},"modified":"2019-10-15T10:51:21","modified_gmt":"2019-10-15T07:51:21","slug":"tak-medya-etik-deklarasyonunu-imzaladi","status":"publish","type":"post","link":"https:\/\/gazetecilerbirligi.com\/?p=1735","title":{"rendered":"TAK Medya Etik Deklarasyonu\u2019nu \u0130mzalad\u0131"},"content":{"rendered":"<p>T\u00fcrk Ajans\u0131 K\u0131br\u0131s (TAK), Medya Etik Kurulu Deklarasyonu\u2019nu imzalad\u0131. Medya Etik Kurulu Deklarasyonu\u2019na TAK M\u00fcd\u00fcr\u00fc Fehmi G\u00fcrdall\u0131 ile K\u0131br\u0131s T\u00fcrk Gazeteciler Birli\u011fi Ba\u015fkan\u0131 Sami \u00d6zuslu imza att\u0131. \u0130mza t\u00f6reninde Medya Etik Kurlu Ba\u015fkan\u0131 Bekir Azg\u0131n ile Medya Etik Kurulu \u00fcyesi ve TAK Y\u00f6netim Kurulu \u00fcyesi Perihan Aziz de haz\u0131r bulundu.<\/p>\n<p>G\u00dcRDALLI: TAK\u2019IN DEKLARASYONA \u0130MZA ATMAMASI EKS\u0130KL\u0130KT\u0130, MEDYA ET\u0130K KURULU DESTEKLENMEL\u0130<br \/>\nTAK M\u00fcd\u00fcr\u00fc Fehmi G\u00fcrdall\u0131, Medya Etik Kurulu Deklarasyonu\u2019nu imzalamas\u0131n\u0131n ard\u0131ndan a\u00e7\u0131klamada bulundu. G\u00fcrdall\u0131, T\u00fcrk Ajans\u0131 K\u0131br\u0131s\u2019\u0131n halehaz\u0131rda belirlenen ilkelere zaten uydu\u011funu, ancak, K\u0131br\u0131s T\u00fcrk bas\u0131n\u0131n\u0131n en \u00f6nemli unsurlar\u0131ndan biri olarak, bug\u00fcne dek Medya Etik Kurulu Deklarasyonu\u2019nu imzalamamas\u0131n\u0131n bir eksiklik oldu\u011funu, bug\u00fcn at\u0131lan imza ile bu eksikli\u011fin giderildi\u011fini vurgulad\u0131. G\u00fcrdall\u0131, sorumlu gazetecilik yapma anlam\u0131nda t\u00fcm d\u00fcnyada \u201cmedya eti\u011fi\u2019 konusunun ve bu y\u00f6ndeki d\u00fczenlemelerin b\u00fcy\u00fck bir ihtiya\u00e7 olarak ortaya \u00e7\u0131kt\u0131\u011f\u0131n\u0131 ve KKTC\u2019de de bu g\u00f6revi y\u00fcr\u00fcten Medya Etik Kurulu\u2019nun desteklenmesi gerekti\u011fine i\u015faret etti. G\u00fcrdall\u0131, \u201cbug\u00fcn at\u0131lan imzan\u0131n ard\u0131ndan T\u00fcrk Ajans\u0131 K\u0131br\u0131s ile Medya Etik Kurulu aras\u0131ndaki i\u015fbirli\u011finin \u00f6n\u00fcm\u00fczdeki d\u00f6nemde artarak devam edece\u011fini\u201d ifade etti.<\/p>\n<p>\u00d6ZUSLU: TAK\u2019IN \u0130MZA KOYMASINDAN MUTLULUK DUYDUK<br \/>\nK\u0131br\u0131s T\u00fcrk Gazeteciler Birli\u011fi (KTGB) Ba\u015fkan\u0131 Sami \u00d6zuslu da konu\u015fmas\u0131nda \u201cK\u0131br\u0131s T\u00fcrk Gazeteciler Birli\u011fi olarak ve Medya Etik Kurulu\u2019nun bir par\u00e7as\u0131 olan \u00f6rg\u00fct\u00fcm\u00fcz ad\u0131na, TAK gibi bas\u0131n\u0131m\u0131z\u0131n b\u00fcy\u00fck k\u0131s\u0131m\u0131na haber sa\u011flayan kurumumuzun ge\u00e7 de olsa deklarasyona imza koymas\u0131ndan mutuluk duyduk. TAK b\u00fcy\u00fck oranda \u2018Gazetecilik Meslek \u0130lekleri\u2019ne uyuyor olsa da b\u00f6yle bir deklarasyonda imzas\u0131 olmamams\u0131 kabul edilemezdi.\u201d dedi. \u00d6zuslu, \u201cEtik konularda \u00e7ok ciddi s\u0131k\u0131nt\u0131lar var, Medya Etik Kurlu\u2019nun \u00f6n\u00fcnde bir s\u00fcr\u00fc sorun var. Gerek kriminal olaylar, mahkeme haberleri, gerek siyasi manip\u00fclasyonlar, gerek K\u0131br\u0131s T\u00fcrk ve Rum medyas\u0131 aras\u0131ndaki haber al\u0131\u015fveri\u015finde \u00e7ok daha dikkatli olmam\u0131z gerekir. Daha etik, kurallara uygun yay\u0131nc\u0131l\u0131k yapmam\u0131z, K\u0131br\u0131s T\u00fcrk Bas\u0131n\u0131\u2019n\u0131n, yani bizim mesle\u011fimizin \u00e7ok daha seviyeli olmas\u0131, toplumda gazetecilik mesle\u011finin sayg\u0131nl\u0131\u011f\u0131n\u0131 da art\u0131racak diye d\u00fc\u015f\u00fcn\u00fcyorum. Hay\u0131rl\u0131 olsun.\u201d ifadesini kulland\u0131.<\/p>\n<p>AZGIN: \u0130\u015eB\u0130RL\u0130\u011e\u0130N\u0130N YARARLI OLACA\u011eINA \u0130NANIYORUZ<br \/>\nMedya Etik Kurulu Ba\u015fkan\u0131 Bekir Azg\u0131n da, TAK\u2019\u0131n Medya Etik Kurulu Deklarasyonu\u2019nu imzalamas\u0131ndan duydu\u011fu memnuniyeti dile getirdi. Bekir Azg\u0131n, \u201cG\u00fcvenilirlik bu t\u00fcr \u00e7abalarla elde edilir. Okur gazeteciye ne denli g\u00fcvenirse bu i\u015f o kadar daha iyi olur. Bu i\u015fbirli\u011finin yararl\u0131 olaca\u011f\u0131na g\u00f6n\u00fclden inan\u0131yoruz.\u201d dedi.<\/p>\n<p>AZ\u0130Z: MEDYAMIZA ZENG\u0130NL\u0130K KATACAK<br \/>\nMedya Etik Kurulu \u00fcyesi ve TAK Y\u00f6netim Kurulu \u00fcyesi Perihan Aziz de \u201cTAK zaten bir okul, gazetecilik meslek ilkelerini uyguluyor. Ancak bunun teyit edilmesi, TAK\u2019\u0131n buna \u00f6nc\u00fcl\u00fck etmesi medyam\u0131za bir zenginlik katacakt\u0131r. Daha ilkeli yay\u0131na hizmet edecektir.\u201d \u015feklinde konu\u015ftu.<\/p>\n<p>MEDYA ET\u0130K KURULU VE \u0130LKELER<br \/>\nMedya Etik Kurulu Deklarasyonu\u2019na imza koyan \u00f6rg\u00fctler ve bas\u0131n-yay\u0131n kurulu\u015flar\u0131, \u00fclkede yay\u0131nc\u0131l\u0131k alan\u0131nda etik kodlara uyulmas\u0131 konusunda aktif \u00e7aba sarf etmek \u00fczere olu\u015fturulan \u2018Medya Etik Kurulu\u2019nun \u00e7al\u0131\u015fmalar\u0131na katk\u0131 koyacaklar\u0131n\u0131 ve kurulun alaca\u011f\u0131 kararlara uyacaklar\u0131n\u0131 taahh\u00fct ve kabul etmektedir.<br \/>\nMedya Etik Kurulu taraf\u0131ndan olu\u015fturulan 30 maddelik \u2018Gazetecilik Meslek \u0130lkeleri\u2019 aras\u0131na \u2018ger\u00e7ekleri nesnel bir bi\u00e7imde, \u00e7arp\u0131tmadan, sans\u00fcrlemeden aktarmak\u2019 \u2018demokratik de\u011ferlere ve insan haklar\u0131na ayk\u0131r\u0131 yay\u0131n yapmamak\u2019, \u2018masumiyet karinesine sayg\u0131l\u0131 olmak, su\u00e7lulu\u011fu yarg\u0131 karar\u0131yla sabit olmad\u0131k\u00e7a herhangi bir ki\u015fiyi su\u00e7lu ilan edecek yay\u0131n yapmaktan ka\u00e7\u0131nmak\u2019, \u2018\u00c7ocuklarla ilgili su\u00e7larda, zanl\u0131, san\u0131k, mahk\u00fbm, tan\u0131k, ma\u011fdur ya da maktul stat\u00fcs\u00fcnde olan 18 ya\u015f\u0131ndan k\u00fc\u00e7\u00fcklerin a\u00e7\u0131k isimleri ve foto\u011fraflar\u0131 yay\u0131mlamamak\u2019, \u2018\u015eiddeti hakl\u0131 g\u00f6steren, \u00f6zendiren ve k\u0131\u015fk\u0131rtan, nefret ve d\u00fc\u015fmanl\u0131\u011f\u0131 k\u00f6r\u00fckleyen nitelikte yay\u0131n yapmamak\u2019, \u2018gazetecili\u011fin evrensel ilkelerine uymak\u2019 gibi maddeler bulunuyor.<\/p>\n","protected":false},"excerpt":{"rendered":"<p>Medya Etik Kurulu Deklarasyonu\u2019na TAK M\u00fcd\u00fcr\u00fc Fehmi G\u00fcrdall\u0131 ile K\u0131br\u0131s T\u00fcrk Gazeteciler Birli\u011fi Ba\u015fkan\u0131 Sami \u00d6zuslu imza att\u0131.<\/p>\n","protected":false},"author":2,"featured_media":1736,"comment_status":"closed","ping_status":"open","sticky":false,"template":"","format":"standard","meta":{"footnotes":""},"categories":[28],"tags":[],"_links":{"self":[{"href":"https:\/\/gazetecilerbirligi.com\/index.php?rest_route=\/wp\/v2\/posts\/1735"}],"collection":[{"href":"https:\/\/gazetecilerbirligi.com\/index.php?rest_route=\/wp\/v2\/posts"}],"about":[{"href":"https:\/\/gazetecilerbirligi.com\/index.php?rest_route=\/wp\/v2\/types\/post"}],"author":[{"embeddable":true,"href":"https:\/\/gazetecilerbirligi.com\/index.php?rest_route=\/wp\/v2\/users\/2"}],"replies":[{"embeddable":true,"href":"https:\/\/gazetecilerbirligi.com\/index.php?rest_route=%2Fwp%2Fv2%2Fcomments&post=1735"}],"version-history":[{"count":0,"href":"https:\/\/gazetecilerbirligi.com\/index.php?rest_route=\/wp\/v2\/posts\/1735\/revisions"}],"wp:featuredmedia":[{"embeddable":true,"href":"https:\/\/gazetecilerbirligi.com\/index.php?rest_route=\/wp\/v2\/media\/1736"}],"wp:attachment":[{"href":"https:\/\/gazetecilerbirligi.com\/index.php?rest_route=%2Fwp%2Fv2%2Fmedia&parent=1735"}],"wp:term":[{"taxonomy":"category","embeddable":true,"href":"https:\/\/gazetecilerbirligi.com\/index.php?rest_route=%2Fwp%2Fv2%2Fcategories&post=1735"},{"taxonomy":"post_tag","embeddable":true,"href":"https:\/\/gazetecilerbirligi.com\/index.php?rest_route=%2Fwp%2Fv2%2Ftags&post=1735"}],"curies":[{"name":"wp","href":"https:\/\/api.w.org\/{rel}","templated":true}]}}