{"id":1719,"date":"2019-10-08T08:10:38","date_gmt":"2019-10-08T05:10:38","guid":{"rendered":"https:\/\/gazetecilerbirligi.com\/?p=1719"},"modified":"2019-10-08T08:10:38","modified_gmt":"2019-10-08T05:10:38","slug":"geleneksel-medya-destek-komitesi-hukumete-seslendi","status":"publish","type":"post","link":"https:\/\/gazetecilerbirligi.com\/?p=1719","title":{"rendered":"Geleneksel Medya Destek Komitesi H\u00fck\u00fcmet&#8217;e Seslendi"},"content":{"rendered":"<p>Geleneksel medya, bu \u00fclkede g\u00fcndemi belirleyen ve y\u00f6netilenler ad\u0131na etkin denetimi yapan demokrasinin asli unsurudur.<\/p>\n<p>Geleneksel medya, kurumsal bir yap\u0131d\u0131r ve gazetecilerin evidir, okuludur, i\u015fidir, a\u015f\u0131d\u0131r, yar\u0131n\u0131d\u0131r.<\/p>\n<p>\u201cMedya Destek Program\u0131\u201d bir sosyal devlet projesi olarak ortaya \u00e7\u0131km\u0131\u015ft\u0131r.<span class=\"text_exposed_show\"><br \/>\nKapsaml\u0131 ve kolektif bir \u00e7al\u0131\u015fma ile kriterleri yaz\u0131lm\u0131\u015f, b\u00fct\u00e7esi belirlenmi\u015f, \u00f6dene\u011fi ayr\u0131lm\u0131\u015f, t\u00fcm bas\u0131n kurulu\u015flar\u0131na \u00f6l\u00e7\u00fctler i\u00e7erisinde f\u0131rsat e\u015fitli\u011fi yarat\u0131lm\u0131\u015ft\u0131r.<\/span><\/p>\n<div class=\"text_exposed_show\">\n<p>\u00d6zg\u00fcrg\u00fcn H\u00fck\u00fcmeti ve Erh\u00fcrman H\u00fck\u00fcmeti\u2019nin ilk d\u00f6neminde uygulanan program, \u00e7ok daha fazla gazetecinin yararlanmas\u0131 i\u00e7in kriterlere uyum yolunda bir fark\u0131ndal\u0131k yaratm\u0131\u015f ve yap\u0131lanma s\u00fcre\u00e7leri de ba\u015flat\u0131lm\u0131\u015ft\u0131r.<\/p>\n<p>\u015eimdiki h\u00fck\u00fcmet bir karar vermelidir:<br \/>\nMedyaya (demokrasiye ve bas\u0131n \u00f6zg\u00fcrl\u00fc\u011f\u00fcne) destek olacak m\u0131 olmayacak m\u0131?<\/p>\n<p>H\u00fck\u00fcmet net olmal\u0131d\u0131r.<br \/>\nUyutma, oyalama, bekletme, erteleme anlay\u0131\u015f\u0131ndan vazge\u00e7melidir.<\/p>\n<p>Ortada ciddi bir sorun vard\u0131r: Samimiyet.<br \/>\nO nedenle h\u00fck\u00fcmet art\u0131k samimi olmal\u0131d\u0131r.<\/p>\n<p>\u00c7a\u011fr\u0131m\u0131z ge\u00e7mi\u015ften bug\u00fcne de\u011fi\u015fmemi\u015ftir: Ya haks\u0131z rekabeti \u00f6nleyiniz, ya da destek veriniz.<\/p>\n<p>Aylard\u0131r yapt\u0131\u011f\u0131m\u0131z temaslardan edindi\u011fimiz izlenim, birilerinin medya deste\u011fine ya da kriterlere kar\u015f\u0131 oldu\u011fudur.<\/p>\n<p>H\u00fck\u00fcmet ne istedi\u011fini ya da ne istemedi\u011fini a\u00e7\u0131k\u00e7a s\u00f6ylemelidir.<br \/>\n(Ba\u015fbakan\u2019a g\u00f6re yard\u0131mc\u0131s\u0131 istemiyor, yard\u0131mc\u0131s\u0131na g\u00f6re bakanlar, bakanlara g\u00f6re patronlar\u2026)<br \/>\nKriter diyoruz, \u00fcretim diyoruz, istihdam diyoruz, emek diyoruz, anla\u015f\u0131lm\u0131yor.<\/p>\n<p>Sabr\u0131m\u0131z kalmam\u0131\u015ft\u0131r.<\/p>\n<p>Bu \u00fclkede g\u00fcndemi belirleyen ve mesai g\u00f6zetmeden g\u00f6rev yapan \u00f6zel medyadaki bas\u0131n emek\u00e7ilerinin ayl\u0131k 3 bin lira gibi maa\u015flarla ya\u015fad\u0131klar\u0131n\u0131 an\u0131msatmak istiyoruz.<\/p>\n<p>Medya el de\u011fi\u015ftiriyor ve nereye gitti\u011fi de a\u00e7\u0131k\u00e7a g\u00f6r\u00fcn\u00fcyor.<\/p>\n<p>Gazetecilerin \u00f6n\u00fcne getirilen se\u00e7enek \u201cYa direnecekler, ya sat\u0131lacaklar\u201d y\u00f6n\u00fcndedir.<br \/>\n\u0130kinci se\u00e7ene\u011fe kar\u015f\u0131 \u201cbuna izin vermeyece\u011fiz\u201d diyoruz.<\/p>\n<p>Ulusal Birlik Partisi &#8211; Halk\u0131n Partisi h\u00fck\u00fcmetinin \u201cMedya Destek Program\u0131\u201dna y\u00f6nelik net tavr\u0131n\u0131 \u00f6\u011frenmek istiyoruz.<\/p>\n<p>Bu yan\u0131t\u0131n gelmesi i\u00e7in ertelenecek yeni bir \u201cgelecek hafta\u201dm\u0131z kalmam\u0131\u015ft\u0131r.<\/p>\n<p>Medyada \u00f6rg\u00fctl\u00fc t\u00fcm sendika ve birliklerimizle g\u00fc\u00e7 birli\u011fi i\u00e7erisinde gazeteci dayan\u0131\u015fmas\u0131 ve kararl\u0131\u011f\u0131m\u0131zla aya\u011fa kalkaca\u011f\u0131m\u0131z\u0131 duyurmak istiyoruz.<\/p>\n<p>Sayg\u0131lar\u0131m\u0131zla;<\/p>\n<p>Geleneksel Medya Destek Komitesi<br \/>\nK\u0131br\u0131s T\u00fcrk Gazeteciler Birli\u011fi<br \/>\nBas\u0131n Emek\u00e7ileri Sendikas\u0131<br \/>\nDevrimci Genel \u0130\u015f Sendikas\u0131<br \/>\nK\u0131br\u0131s T\u00fcrk Amme Memurlar\u0131 Sendikas\u0131<\/p>\n<\/div>\n","protected":false},"excerpt":{"rendered":"<p>Geleneksel medya, bu \u00fclkede g\u00fcndemi belirleyen ve y\u00f6netilenler ad\u0131na etkin denetimi yapan demokrasinin asli unsurudur.<\/p>\n","protected":false},"author":2,"featured_media":1720,"comment_status":"closed","ping_status":"open","sticky":false,"template":"","format":"standard","meta":{"footnotes":""},"categories":[28],"tags":[],"_links":{"self":[{"href":"https:\/\/gazetecilerbirligi.com\/index.php?rest_route=\/wp\/v2\/posts\/1719"}],"collection":[{"href":"https:\/\/gazetecilerbirligi.com\/index.php?rest_route=\/wp\/v2\/posts"}],"about":[{"href":"https:\/\/gazetecilerbirligi.com\/index.php?rest_route=\/wp\/v2\/types\/post"}],"author":[{"embeddable":true,"href":"https:\/\/gazetecilerbirligi.com\/index.php?rest_route=\/wp\/v2\/users\/2"}],"replies":[{"embeddable":true,"href":"https:\/\/gazetecilerbirligi.com\/index.php?rest_route=%2Fwp%2Fv2%2Fcomments&post=1719"}],"version-history":[{"count":0,"href":"https:\/\/gazetecilerbirligi.com\/index.php?rest_route=\/wp\/v2\/posts\/1719\/revisions"}],"wp:featuredmedia":[{"embeddable":true,"href":"https:\/\/gazetecilerbirligi.com\/index.php?rest_route=\/wp\/v2\/media\/1720"}],"wp:attachment":[{"href":"https:\/\/gazetecilerbirligi.com\/index.php?rest_route=%2Fwp%2Fv2%2Fmedia&parent=1719"}],"wp:term":[{"taxonomy":"category","embeddable":true,"href":"https:\/\/gazetecilerbirligi.com\/index.php?rest_route=%2Fwp%2Fv2%2Fcategories&post=1719"},{"taxonomy":"post_tag","embeddable":true,"href":"https:\/\/gazetecilerbirligi.com\/index.php?rest_route=%2Fwp%2Fv2%2Ftags&post=1719"}],"curies":[{"name":"wp","href":"https:\/\/api.w.org\/{rel}","templated":true}]}}