{"id":1714,"date":"2019-10-04T14:38:48","date_gmt":"2019-10-04T11:38:48","guid":{"rendered":"https:\/\/gazetecilerbirligi.com\/?p=1714"},"modified":"2019-10-04T14:39:52","modified_gmt":"2019-10-04T11:39:52","slug":"agit-onderliginde-gazeteci-degisim-programinin-ikincisi-basliyo","status":"publish","type":"post","link":"https:\/\/gazetecilerbirligi.com\/?p=1714","title":{"rendered":"AG\u0130T \u00d6nderli\u011finde Gazeteci De\u011fi\u015fim Program\u0131&#8217;n\u0131n \u0130kincisi Ba\u015fl\u0131yor"},"content":{"rendered":"<p>Avrupa G\u00fcvenlik ve \u0130\u015fbirli\u011fi Te\u015fkilat\u0131-AG\u0130T \u00f6nderli\u011finde ge\u00e7en y\u0131l d\u00fczenlenen de\u011fi\u015fim program\u0131n\u0131n ikincisi ba\u015fl\u0131yor.<\/p>\n<p>AG\u0130T Bas\u0131n \u00d6zg\u00fcrl\u00fc\u011f\u00fc \u00d6rg\u00fct\u00fc\u2019n\u00fcn K\u0131br\u0131s T\u00fcrk Gazeteciler Birli\u011fi, Bas\u0131n Emek\u00e7ileri Sendikas\u0131 ve K\u0131br\u0131s Gazeteciler Sendikas\u0131 ortakl\u0131\u011f\u0131nda Diyalog Projesi kapsam\u0131nda d\u00fczenlenen De\u011fi\u015fim Program\u0131 \u00e7er\u00e7evesinde Per\u015fembe ak\u015fam\u0131 Dayan\u0131\u015fma Evi\u2019nde resepsiyon ger\u00e7ekle\u015ftirildi.<\/p>\n<p>Resepsiyon \u00f6ncesinde\u00a0 AG\u0130T\u00a0 Medya \u00d6zg\u00fcrl\u00fc\u011f\u00fc Temsilcisi Harlem Desire,\u00a0 K\u0131br\u0131s T\u00fcrk Gazeteciler Birli\u011fi (KTGB) Ba\u015fkan\u0131 Sami \u00d6zuslu,\u00a0 Bas\u0131n Emek\u00e7ileri Sendikas\u0131 (BASIN-SEN)\u00a0 Ba\u015fkan\u0131 Ali Ki\u015fmir ve K\u0131br\u0131s Gazeteciler Sendikas\u0131 (ESK) Ba\u015fkan\u0131 Yorgos Frangos\u2019un kat\u0131l\u0131m\u0131 ile toplant\u0131 d\u00fczenlendi.<\/p>\n<p>Toplant\u0131da s\u00fcre\u00e7 ve yeni projeler ele al\u0131nd\u0131. Toplant\u0131 ard\u0131ndan, De\u011fi\u015fim Program\u0131\u2019nda\u00a0 g\u00f6rev alacak gazetecilere Diyalog Projesi anlat\u0131ld\u0131, ge\u00e7en y\u0131l program \u00e7er\u00e7evesinde g\u00f6rev alan K\u0131br\u0131sl\u0131 Rum ve K\u0131br\u0131sl\u0131 T\u00fcrk baz\u0131 gazeteciler deneyimlerin aktard\u0131.\u00a0 Konu\u015fmalar\u0131n ard\u0131ndan resepsiyona ge\u00e7ildi.<\/p>\n<p>Resepsiyonda, K\u0131br\u0131s T\u00fcrk Gazeteciler Birli\u011fi taraf\u0131ndan AG\u0130T Bas\u0131n \u00d6zg\u00fcrl\u00fc\u011f\u00fc Ofisi\u2019ne verilen Bar\u0131\u015f Gazetecili\u011fi \u00d6d\u00fcl\u00fc de Desir\u2019e takdim edildi. AG\u0130T\u00a0 Medya \u00d6zg\u00fcrl\u00fc\u011f\u00fc Temsilcisi Harlem Desire burada yapt\u0131\u011f\u0131 konu\u015fmada, \u201cBiz bu program\u0131n asl\u0131nda her iki taraf\u0131n \u00e7ok daha iyi birbirini anlamaya yard\u0131mc\u0131 olaca\u011f\u0131n\u0131 d\u00fc\u015f\u00fcn\u00fcyoruz. Zaten gazetecilerin de rol\u00fc, g\u00f6revi budur. \u0130nsanlara toplumlara di\u011fer taraf\u0131 anlama konusunda yard\u0131mc\u0131 olmak. Bu De\u011fi\u015fim Program\u0131\u2019n\u0131n gazeteciler aras\u0131nda yeni ili\u015fkiler, yeni ba\u011flant\u0131lar\u00a0 a\u00e7\u0131s\u0131ndan yard\u0131mc\u0131 olaca\u011f\u0131n\u0131 d\u00fc\u015f\u00fcn\u00fcyoruz.<\/p>\n<p>Kurulan bu ili\u015fkiler de devam edebilecek. Gazeteciler bu de\u011fi\u015fim program\u0131 \u00e7er\u00e7evesinde asl\u0131nda meslekta\u015f olduklar\u0131n\u0131 ve ayn\u0131 sorunlar\u0131 ya\u015fad\u0131klar\u0131n\u0131 g\u00f6recekler. Her iki toplumdaki gazeteci \u00f6rg\u00fctlerine projenin ger\u00e7ekle\u015ftirilmesinde g\u00f6sterdikleri \u00e7aba i\u00e7in\u00a0 te\u015fekk\u00fcr ediyorum. \u201ddedi.<\/p>\n","protected":false},"excerpt":{"rendered":"<p>Avrupa G\u00fcvenlik ve \u0130\u015fbirli\u011fi Te\u015fkilat\u0131-AG\u0130T \u00f6nderli\u011finde ge\u00e7en y\u0131l d\u00fczenlenen de\u011fi\u015fim program\u0131n\u0131n ikincisi ba\u015fl\u0131yor.\u00a0\u00a0<\/p>\n","protected":false},"author":2,"featured_media":1715,"comment_status":"closed","ping_status":"open","sticky":false,"template":"","format":"standard","meta":{"footnotes":""},"categories":[28],"tags":[],"_links":{"self":[{"href":"https:\/\/gazetecilerbirligi.com\/index.php?rest_route=\/wp\/v2\/posts\/1714"}],"collection":[{"href":"https:\/\/gazetecilerbirligi.com\/index.php?rest_route=\/wp\/v2\/posts"}],"about":[{"href":"https:\/\/gazetecilerbirligi.com\/index.php?rest_route=\/wp\/v2\/types\/post"}],"author":[{"embeddable":true,"href":"https:\/\/gazetecilerbirligi.com\/index.php?rest_route=\/wp\/v2\/users\/2"}],"replies":[{"embeddable":true,"href":"https:\/\/gazetecilerbirligi.com\/index.php?rest_route=%2Fwp%2Fv2%2Fcomments&post=1714"}],"version-history":[{"count":0,"href":"https:\/\/gazetecilerbirligi.com\/index.php?rest_route=\/wp\/v2\/posts\/1714\/revisions"}],"wp:featuredmedia":[{"embeddable":true,"href":"https:\/\/gazetecilerbirligi.com\/index.php?rest_route=\/wp\/v2\/media\/1715"}],"wp:attachment":[{"href":"https:\/\/gazetecilerbirligi.com\/index.php?rest_route=%2Fwp%2Fv2%2Fmedia&parent=1714"}],"wp:term":[{"taxonomy":"category","embeddable":true,"href":"https:\/\/gazetecilerbirligi.com\/index.php?rest_route=%2Fwp%2Fv2%2Fcategories&post=1714"},{"taxonomy":"post_tag","embeddable":true,"href":"https:\/\/gazetecilerbirligi.com\/index.php?rest_route=%2Fwp%2Fv2%2Ftags&post=1714"}],"curies":[{"name":"wp","href":"https:\/\/api.w.org\/{rel}","templated":true}]}}