{"id":1699,"date":"2019-10-02T14:52:55","date_gmt":"2019-10-02T11:52:55","guid":{"rendered":"https:\/\/gazetecilerbirligi.com\/?p=1699"},"modified":"2019-10-02T14:57:25","modified_gmt":"2019-10-02T11:57:25","slug":"degisim-programi-cercevesinde-ara-bolgede-resepsiyon-duzenleniyor","status":"publish","type":"post","link":"https:\/\/gazetecilerbirligi.com\/?p=1699","title":{"rendered":"De\u011fi\u015fim Program\u0131 \u00c7er\u00e7evesinde Ara B\u00f6lgede Resepsiyon D\u00fczenleniyor"},"content":{"rendered":"<p>K\u0131br\u0131s T\u00fcrk Gazeteciler Birli\u011fi, Bas\u0131n Emek\u00e7ileri Sendikas\u0131 ve K\u0131br\u0131s Gazeteciler Sendikas\u0131 ortakl\u0131\u011f\u0131nda, Avrupa G\u00fcvenlik ve \u0130\u015fbirli\u011fi Te\u015fkilat\u0131-AG\u0130T \u00f6nderli\u011finde d\u00fczenlenecek De\u011fi\u015fim Program\u0131 \u00e7er\u00e7evesinde yar\u0131n bir resepsiyon d\u00fczenleniyor.<\/p>\n<p>Resepsiyon, AG\u0130T\u00a0 Medya \u00d6zg\u00fcrl\u00fc\u011f\u00fc Temsilcisi Harlem Desir\u2019in de kat\u0131l\u0131m\u0131yla saat 18.00\u2019de Dayan\u0131\u015fma Evi\u2019nde ger\u00e7ekle\u015ftirilecek.<\/p>\n<p>De\u011fi\u015fim Program\u0131yla, K\u0131br\u0131s\u2019\u0131n kuzeyinden belirlenen gazeteciler g\u00fcneyde, g\u00fcneyden belirlenen gazeteciler ise kuzeyde 5 g\u00fcn g\u00f6rev yapacak<\/p>\n<p>Resepsiyonda, K\u0131br\u0131s T\u00fcrk Gazeteciler Birli\u011fi taraf\u0131ndan AG\u0130T Bas\u0131n \u00d6zg\u00fcrl\u00fc\u011f\u00fc Ofisi\u2019ne verilen Bar\u0131\u015f Gazetecili\u011fi \u00d6d\u00fcl\u00fc de Desir\u2019e takdim edilecek.<\/p>\n<p>&nbsp;<\/p>\n<p>&nbsp;<\/p>\n<p>&nbsp;<\/p>\n","protected":false},"excerpt":{"rendered":"<p>KTGB, Bas\u0131n-Sen ve K\u0131br\u0131s Gazeteciler Sendikas\u0131 ortakl\u0131\u011f\u0131nda, Avrupa G\u00fcvenlik ve \u0130\u015fbirli\u011fi Te\u015fkilat\u0131-AG\u0130T \u00f6nderli\u011finde d\u00fczenlenecek De\u011fi\u015fim Program\u0131 \u00e7er\u00e7evesinde yar\u0131n bir resepsiyon d\u00fczenleniyor.<\/p>\n","protected":false},"author":2,"featured_media":1700,"comment_status":"closed","ping_status":"open","sticky":false,"template":"","format":"standard","meta":{"footnotes":""},"categories":[28],"tags":[],"_links":{"self":[{"href":"https:\/\/gazetecilerbirligi.com\/index.php?rest_route=\/wp\/v2\/posts\/1699"}],"collection":[{"href":"https:\/\/gazetecilerbirligi.com\/index.php?rest_route=\/wp\/v2\/posts"}],"about":[{"href":"https:\/\/gazetecilerbirligi.com\/index.php?rest_route=\/wp\/v2\/types\/post"}],"author":[{"embeddable":true,"href":"https:\/\/gazetecilerbirligi.com\/index.php?rest_route=\/wp\/v2\/users\/2"}],"replies":[{"embeddable":true,"href":"https:\/\/gazetecilerbirligi.com\/index.php?rest_route=%2Fwp%2Fv2%2Fcomments&post=1699"}],"version-history":[{"count":0,"href":"https:\/\/gazetecilerbirligi.com\/index.php?rest_route=\/wp\/v2\/posts\/1699\/revisions"}],"wp:featuredmedia":[{"embeddable":true,"href":"https:\/\/gazetecilerbirligi.com\/index.php?rest_route=\/wp\/v2\/media\/1700"}],"wp:attachment":[{"href":"https:\/\/gazetecilerbirligi.com\/index.php?rest_route=%2Fwp%2Fv2%2Fmedia&parent=1699"}],"wp:term":[{"taxonomy":"category","embeddable":true,"href":"https:\/\/gazetecilerbirligi.com\/index.php?rest_route=%2Fwp%2Fv2%2Fcategories&post=1699"},{"taxonomy":"post_tag","embeddable":true,"href":"https:\/\/gazetecilerbirligi.com\/index.php?rest_route=%2Fwp%2Fv2%2Ftags&post=1699"}],"curies":[{"name":"wp","href":"https:\/\/api.w.org\/{rel}","templated":true}]}}